{"id":9422,"date":"2023-07-04T07:39:48","date_gmt":"2023-07-04T07:39:48","guid":{"rendered":"https:\/\/www.redpiso.es\/news\/?p=9422"},"modified":"2024-07-04T08:40:59","modified_gmt":"2024-07-04T08:40:59","slug":"ibai-anuncia-la-velada-del-ano","status":"publish","type":"post","link":"https:\/\/www.redpiso.es\/news\/ibai-anuncia-la-velada-del-ano\/","title":{"rendered":"Ibai anuncia La Velada del a\u00f1o III. Los detalles."},"content":{"rendered":"<p>El a\u00f1o pasado, vivimos un momento hist\u00f3rico desde nuestras casas con la segunda edici\u00f3n de La Velada del A\u00f1o. Con mas de 3 millones 300 mil espectadores, la retransmisi\u00f3n de este evento se coloc\u00f3 en el primer puesto de directos m\u00e1s vistos de la historia.<\/p>\n<p>A\u00fan quedan cierto tiempo para que este evento vuelva con su tercera edici\u00f3n, pero ya est\u00e1 todo puesto en marcha desde hace tiempo. Durante el d\u00eda de ayer, en el canal de Twitch de <a href=\"https:\/\/www.twitch.tv\/ibai\">Ibai<\/a>, se anunciaron por fin los protagonistas que se dejar\u00e1n la piel en el ring este a\u00f1o, adem\u00e1s del cambio de ubicaci\u00f3n que habr\u00e1. Uno de los mejores eventos del a\u00f1o siempre tiene la capacidad de sorprender, y este a\u00f1o no iba a ser diferente. Hoy, desde <a href=\"http:\/\/redpiso.es\">Redpiso<\/a>, analizaremos los detalles de La Velada del a\u00f1o III.<\/p>\n<h2>\u00bfD\u00d3NDE SER\u00c1 LA VELADA DEL A\u00d1O III?<\/h2>\n<p>Tal y como Ibai anunciaba ayer, este a\u00f1o el <strong>Civitas Metropolitano<\/strong> se preparar\u00e1 para recoger al p\u00fablico que acuda a ver en directo esta edici\u00f3n. Esto quiere decir que, de 12.000 estancias que, se llenaron en cuesti\u00f3n de horas el pasado a\u00f1o en el pabell\u00f3n ol\u00edmpico de Badalona, pasaremos a m\u00e1s de 60.000 este a\u00f1o en uno de los estadios m\u00e1s nuevos y modernos de Espa\u00f1a. Ahora pasemos al plato principal, sus participantes.<\/p>\n<h2>LOS PARTICIPANTES DE LA VELADA DEL A\u00d1O III<\/h2>\n<h5><u>Combate n\u00ba 1: Ampeter vs Papi Gavi<\/u><\/h5>\n<p>Dos cl\u00e1sicos de la comunidad streamer. Amigos, pero sin miramientos en el ring. Una muy buena apertura de evento.<\/p>\n<h5><u>Combate n\u00ba 2: Rivers vs Rivers<\/u><\/h5>\n<p>Coincidiendo en nombre, la streamer mexicana y presidenta del equipo P\u00edo de la Kings League, se medir\u00e1 ante Marina Rivers, una de las Tiktokers espa\u00f1olas con m\u00e1s \u00e9xito en la plataforma.<\/p>\n<h5><u>Combate n\u00ba 3: Luzu vs Fernanfloo<\/u><\/h5>\n<p>Dos pioneros de la comunidad, dos creadores de contenido que fueron de los primeros en comenzar. Luzu vuelve a la carga tras su fallido paso por la edici\u00f3n n\u00ba 2, de la cual tuvo que salir lesionado sin ni siquiera terminar el combate ante Lolito.<\/p>\n<h5><u>Combate n\u00ba 4: Shelao vs Viruzz<\/u><\/h5>\n<p>El espa\u00f1ol repite por tercera vez en esta velada. Es el \u00fanico creador que ha participado en las 3 ediciones, por el momento lleva un 1-1. Veremos si el chileno es capaz de transformarlo en un r\u00e9cord negativo.<\/p>\n<h5><u>Combate n\u00ba 5: Amouranth vs Mayichi<\/u><\/h5>\n<p>Por primera vez, la comunidad estadounidense tendr\u00e1 representaci\u00f3n en este tipo de formato por parte de Amouranth. Al otro lado, la espera Mayichi que tambi\u00e9n se estrena en este tipo de eventos.<\/p>\n<h5><u>Combate n\u00ba 6: Coscu vs German Garmendia<\/u><\/h5>\n<p>El cabeza de cartel, el evento principal. Seg\u00fan pasan los a\u00f1os va siendo m\u00e1s dif\u00edcil definir un combate principal debido al atractivo que poseen todos ellos. En este caso este \u00faltimo combate se lleva la palma, por reconocimiento y trayectoria, junta a dos de los creadores m\u00e1s importantes del continente latinoamericano.<\/p>\n<h2>FECHA DEL EVENTO<\/h2>\n<p>El evento m\u00e1s esperado tiene fecha oficial, esta ser\u00e1 el 1 de julio de 2022. Apuntarlo en vuestro calendario y no os perd\u00e1is esta cita con los combates ya presentados. Adem\u00e1s, a\u00fan queda la guinda del pastel, pues los artistas invitados que vendr\u00e1n a amenizarnos los entretiempos, por el momento no est\u00e1n anunciados. Ahora, eso s\u00ed, de lo que no tenemos dudas es que La Velada del A\u00f1o III promete, y mucho.<\/p>\n","protected":false},"excerpt":{"rendered":"<p>El a\u00f1o pasado, vivimos un momento hist\u00f3rico desde nuestras casas con la segunda edici\u00f3n de La Velada del A\u00f1o. Con mas de 3 millones 300 mil espectadores, la retransmisi\u00f3n de este evento se coloc\u00f3 en el primer puesto de directos m\u00e1s vistos de la historia. A\u00fan quedan cierto tiempo para que este evento vuelva con su tercera edici\u00f3n, pero ya [&hellip;]<\/p>\n","protected":false},"author":2,"featured_media":9423,"comment_status":"open","ping_status":"open","sticky":false,"template":"","format":"standard","meta":{"footnotes":""},"categories":[1],"tags":[1988,1977,1980,1976,1989],"class_list":["post-9422","post","type-post","status-publish","format-standard","has-post-thumbnail","hentry","category-general","tag-boxeo","tag-ibai","tag-stream","tag-twitch","tag-velada"],"yoast_head":"<!-- This site is optimized with the Yoast SEO plugin v27.3 - https:\/\/yoast.com\/product\/yoast-seo-wordpress\/ -->\n<title>Ibai anuncia La Velada del a\u00f1o III. Los detalles. - REDPISO NEWS<\/title>\n<meta name=\"description\" content=\"El a\u00f1o pasado, vivimos un momento hist\u00f3rico desde nuestras casas con la segunda edici\u00f3n de La Velada del A\u00f1o.\" \/>\n<meta name=\"robots\" content=\"index, follow, max-snippet:-1, max-image-preview:large, max-video-preview:-1\" \/>\n<link rel=\"canonical\" href=\"https:\/\/www.redpiso.es\/news\/ibai-anuncia-la-velada-del-ano\/\" \/>\n<meta property=\"og:locale\" content=\"es_ES\" \/>\n<meta property=\"og:type\" content=\"article\" \/>\n<meta property=\"og:title\" content=\"Ibai anuncia La Velada del a\u00f1o III. Los detalles. - REDPISO NEWS\" \/>\n<meta property=\"og:description\" content=\"El a\u00f1o pasado, vivimos un momento hist\u00f3rico desde nuestras casas con la segunda edici\u00f3n de La Velada del A\u00f1o.\" \/>\n<meta property=\"og:url\" content=\"https:\/\/www.redpiso.es\/news\/ibai-anuncia-la-velada-del-ano\/\" \/>\n<meta property=\"og:site_name\" content=\"REDPISO NEWS\" \/>\n<meta property=\"article:published_time\" content=\"2023-07-04T07:39:48+00:00\" \/>\n<meta property=\"article:modified_time\" content=\"2024-07-04T08:40:59+00:00\" \/>\n<meta property=\"og:image\" content=\"https:\/\/www.redpiso.es\/news\/wp-content\/uploads\/2023\/02\/96156693_m-scaled.jpg\" \/>\n\t<meta property=\"og:image:width\" content=\"2560\" \/>\n\t<meta property=\"og:image:height\" content=\"1382\" \/>\n\t<meta property=\"og:image:type\" content=\"image\/jpeg\" \/>\n<meta name=\"author\" content=\"REDPISO\" \/>\n<meta name=\"twitter:card\" content=\"summary_large_image\" \/>\n<meta name=\"twitter:label1\" content=\"Escrito por\" \/>\n\t<meta name=\"twitter:data1\" content=\"REDPISO\" \/>\n\t<meta name=\"twitter:label2\" content=\"Tiempo de lectura\" \/>\n\t<meta name=\"twitter:data2\" content=\"3 minutos\" \/>\n<script type=\"application\/ld+json\" class=\"yoast-schema-graph\">{\"@context\":\"https:\\\/\\\/schema.org\",\"@graph\":[{\"@type\":\"Article\",\"@id\":\"https:\\\/\\\/www.redpiso.es\\\/news\\\/ibai-anuncia-la-velada-del-ano\\\/#article\",\"isPartOf\":{\"@id\":\"https:\\\/\\\/www.redpiso.es\\\/news\\\/ibai-anuncia-la-velada-del-ano\\\/\"},\"author\":{\"name\":\"REDPISO\",\"@id\":\"https:\\\/\\\/www.redpiso.es\\\/news\\\/#\\\/schema\\\/person\\\/0ad3883162edbf20f2699afd0aaecb48\"},\"headline\":\"Ibai anuncia La Velada del a\u00f1o III. Los detalles.\",\"datePublished\":\"2023-07-04T07:39:48+00:00\",\"dateModified\":\"2024-07-04T08:40:59+00:00\",\"mainEntityOfPage\":{\"@id\":\"https:\\\/\\\/www.redpiso.es\\\/news\\\/ibai-anuncia-la-velada-del-ano\\\/\"},\"wordCount\":600,\"commentCount\":0,\"image\":{\"@id\":\"https:\\\/\\\/www.redpiso.es\\\/news\\\/ibai-anuncia-la-velada-del-ano\\\/#primaryimage\"},\"thumbnailUrl\":\"https:\\\/\\\/www.redpiso.es\\\/news\\\/wp-content\\\/uploads\\\/2023\\\/02\\\/96156693_m-scaled.jpg\",\"keywords\":[\"boxeo\",\"ibai\",\"stream\",\"twitch\",\"velada\"],\"articleSection\":[\"General\"],\"inLanguage\":\"es\",\"potentialAction\":[{\"@type\":\"CommentAction\",\"name\":\"Comment\",\"target\":[\"https:\\\/\\\/www.redpiso.es\\\/news\\\/ibai-anuncia-la-velada-del-ano\\\/#respond\"]}]},{\"@type\":\"WebPage\",\"@id\":\"https:\\\/\\\/www.redpiso.es\\\/news\\\/ibai-anuncia-la-velada-del-ano\\\/\",\"url\":\"https:\\\/\\\/www.redpiso.es\\\/news\\\/ibai-anuncia-la-velada-del-ano\\\/\",\"name\":\"Ibai anuncia La Velada del a\u00f1o III. Los detalles. - REDPISO NEWS\",\"isPartOf\":{\"@id\":\"https:\\\/\\\/www.redpiso.es\\\/news\\\/#website\"},\"primaryImageOfPage\":{\"@id\":\"https:\\\/\\\/www.redpiso.es\\\/news\\\/ibai-anuncia-la-velada-del-ano\\\/#primaryimage\"},\"image\":{\"@id\":\"https:\\\/\\\/www.redpiso.es\\\/news\\\/ibai-anuncia-la-velada-del-ano\\\/#primaryimage\"},\"thumbnailUrl\":\"https:\\\/\\\/www.redpiso.es\\\/news\\\/wp-content\\\/uploads\\\/2023\\\/02\\\/96156693_m-scaled.jpg\",\"datePublished\":\"2023-07-04T07:39:48+00:00\",\"dateModified\":\"2024-07-04T08:40:59+00:00\",\"author\":{\"@id\":\"https:\\\/\\\/www.redpiso.es\\\/news\\\/#\\\/schema\\\/person\\\/0ad3883162edbf20f2699afd0aaecb48\"},\"description\":\"El a\u00f1o pasado, vivimos un momento hist\u00f3rico desde nuestras casas con la segunda edici\u00f3n de La Velada del A\u00f1o.\",\"breadcrumb\":{\"@id\":\"https:\\\/\\\/www.redpiso.es\\\/news\\\/ibai-anuncia-la-velada-del-ano\\\/#breadcrumb\"},\"inLanguage\":\"es\",\"potentialAction\":[{\"@type\":\"ReadAction\",\"target\":[\"https:\\\/\\\/www.redpiso.es\\\/news\\\/ibai-anuncia-la-velada-del-ano\\\/\"]}]},{\"@type\":\"ImageObject\",\"inLanguage\":\"es\",\"@id\":\"https:\\\/\\\/www.redpiso.es\\\/news\\\/ibai-anuncia-la-velada-del-ano\\\/#primaryimage\",\"url\":\"https:\\\/\\\/www.redpiso.es\\\/news\\\/wp-content\\\/uploads\\\/2023\\\/02\\\/96156693_m-scaled.jpg\",\"contentUrl\":\"https:\\\/\\\/www.redpiso.es\\\/news\\\/wp-content\\\/uploads\\\/2023\\\/02\\\/96156693_m-scaled.jpg\",\"width\":2560,\"height\":1382,\"caption\":\"velada del a\u00f1o\"},{\"@type\":\"BreadcrumbList\",\"@id\":\"https:\\\/\\\/www.redpiso.es\\\/news\\\/ibai-anuncia-la-velada-del-ano\\\/#breadcrumb\",\"itemListElement\":[{\"@type\":\"ListItem\",\"position\":1,\"name\":\"Portada\",\"item\":\"https:\\\/\\\/www.redpiso.es\\\/news\\\/\"},{\"@type\":\"ListItem\",\"position\":2,\"name\":\"Ibai anuncia La Velada del a\u00f1o III. Los detalles.\"}]},{\"@type\":\"WebSite\",\"@id\":\"https:\\\/\\\/www.redpiso.es\\\/news\\\/#website\",\"url\":\"https:\\\/\\\/www.redpiso.es\\\/news\\\/\",\"name\":\"REDPISO NEWS\",\"description\":\"Noticias, consejos y eventos del mercado inmobiliario\",\"potentialAction\":[{\"@type\":\"SearchAction\",\"target\":{\"@type\":\"EntryPoint\",\"urlTemplate\":\"https:\\\/\\\/www.redpiso.es\\\/news\\\/?s={search_term_string}\"},\"query-input\":{\"@type\":\"PropertyValueSpecification\",\"valueRequired\":true,\"valueName\":\"search_term_string\"}}],\"inLanguage\":\"es\"},{\"@type\":\"Person\",\"@id\":\"https:\\\/\\\/www.redpiso.es\\\/news\\\/#\\\/schema\\\/person\\\/0ad3883162edbf20f2699afd0aaecb48\",\"name\":\"REDPISO\",\"image\":{\"@type\":\"ImageObject\",\"inLanguage\":\"es\",\"@id\":\"https:\\\/\\\/secure.gravatar.com\\\/avatar\\\/3ca41dab015579861b3d62a151d6c3ed13d99e5cf208c0ea88faf5122eb8e097?s=96&d=mm&r=g\",\"url\":\"https:\\\/\\\/secure.gravatar.com\\\/avatar\\\/3ca41dab015579861b3d62a151d6c3ed13d99e5cf208c0ea88faf5122eb8e097?s=96&d=mm&r=g\",\"contentUrl\":\"https:\\\/\\\/secure.gravatar.com\\\/avatar\\\/3ca41dab015579861b3d62a151d6c3ed13d99e5cf208c0ea88faf5122eb8e097?s=96&d=mm&r=g\",\"caption\":\"REDPISO\"},\"url\":\"https:\\\/\\\/www.redpiso.es\\\/news\\\/author\\\/luismi-palacios\\\/\"}]}<\/script>\n<!-- \/ Yoast SEO plugin. -->","yoast_head_json":{"title":"Ibai anuncia La Velada del a\u00f1o III. Los detalles. - REDPISO NEWS","description":"El a\u00f1o pasado, vivimos un momento hist\u00f3rico desde nuestras casas con la segunda edici\u00f3n de La Velada del A\u00f1o.","robots":{"index":"index","follow":"follow","max-snippet":"max-snippet:-1","max-image-preview":"max-image-preview:large","max-video-preview":"max-video-preview:-1"},"canonical":"https:\/\/www.redpiso.es\/news\/ibai-anuncia-la-velada-del-ano\/","og_locale":"es_ES","og_type":"article","og_title":"Ibai anuncia La Velada del a\u00f1o III. Los detalles. - REDPISO NEWS","og_description":"El a\u00f1o pasado, vivimos un momento hist\u00f3rico desde nuestras casas con la segunda edici\u00f3n de La Velada del A\u00f1o.","og_url":"https:\/\/www.redpiso.es\/news\/ibai-anuncia-la-velada-del-ano\/","og_site_name":"REDPISO NEWS","article_published_time":"2023-07-04T07:39:48+00:00","article_modified_time":"2024-07-04T08:40:59+00:00","og_image":[{"width":2560,"height":1382,"url":"https:\/\/www.redpiso.es\/news\/wp-content\/uploads\/2023\/02\/96156693_m-scaled.jpg","type":"image\/jpeg"}],"author":"REDPISO","twitter_card":"summary_large_image","twitter_misc":{"Escrito por":"REDPISO","Tiempo de lectura":"3 minutos"},"schema":{"@context":"https:\/\/schema.org","@graph":[{"@type":"Article","@id":"https:\/\/www.redpiso.es\/news\/ibai-anuncia-la-velada-del-ano\/#article","isPartOf":{"@id":"https:\/\/www.redpiso.es\/news\/ibai-anuncia-la-velada-del-ano\/"},"author":{"name":"REDPISO","@id":"https:\/\/www.redpiso.es\/news\/#\/schema\/person\/0ad3883162edbf20f2699afd0aaecb48"},"headline":"Ibai anuncia La Velada del a\u00f1o III. Los detalles.","datePublished":"2023-07-04T07:39:48+00:00","dateModified":"2024-07-04T08:40:59+00:00","mainEntityOfPage":{"@id":"https:\/\/www.redpiso.es\/news\/ibai-anuncia-la-velada-del-ano\/"},"wordCount":600,"commentCount":0,"image":{"@id":"https:\/\/www.redpiso.es\/news\/ibai-anuncia-la-velada-del-ano\/#primaryimage"},"thumbnailUrl":"https:\/\/www.redpiso.es\/news\/wp-content\/uploads\/2023\/02\/96156693_m-scaled.jpg","keywords":["boxeo","ibai","stream","twitch","velada"],"articleSection":["General"],"inLanguage":"es","potentialAction":[{"@type":"CommentAction","name":"Comment","target":["https:\/\/www.redpiso.es\/news\/ibai-anuncia-la-velada-del-ano\/#respond"]}]},{"@type":"WebPage","@id":"https:\/\/www.redpiso.es\/news\/ibai-anuncia-la-velada-del-ano\/","url":"https:\/\/www.redpiso.es\/news\/ibai-anuncia-la-velada-del-ano\/","name":"Ibai anuncia La Velada del a\u00f1o III. Los detalles. - REDPISO NEWS","isPartOf":{"@id":"https:\/\/www.redpiso.es\/news\/#website"},"primaryImageOfPage":{"@id":"https:\/\/www.redpiso.es\/news\/ibai-anuncia-la-velada-del-ano\/#primaryimage"},"image":{"@id":"https:\/\/www.redpiso.es\/news\/ibai-anuncia-la-velada-del-ano\/#primaryimage"},"thumbnailUrl":"https:\/\/www.redpiso.es\/news\/wp-content\/uploads\/2023\/02\/96156693_m-scaled.jpg","datePublished":"2023-07-04T07:39:48+00:00","dateModified":"2024-07-04T08:40:59+00:00","author":{"@id":"https:\/\/www.redpiso.es\/news\/#\/schema\/person\/0ad3883162edbf20f2699afd0aaecb48"},"description":"El a\u00f1o pasado, vivimos un momento hist\u00f3rico desde nuestras casas con la segunda edici\u00f3n de La Velada del A\u00f1o.","breadcrumb":{"@id":"https:\/\/www.redpiso.es\/news\/ibai-anuncia-la-velada-del-ano\/#breadcrumb"},"inLanguage":"es","potentialAction":[{"@type":"ReadAction","target":["https:\/\/www.redpiso.es\/news\/ibai-anuncia-la-velada-del-ano\/"]}]},{"@type":"ImageObject","inLanguage":"es","@id":"https:\/\/www.redpiso.es\/news\/ibai-anuncia-la-velada-del-ano\/#primaryimage","url":"https:\/\/www.redpiso.es\/news\/wp-content\/uploads\/2023\/02\/96156693_m-scaled.jpg","contentUrl":"https:\/\/www.redpiso.es\/news\/wp-content\/uploads\/2023\/02\/96156693_m-scaled.jpg","width":2560,"height":1382,"caption":"velada del a\u00f1o"},{"@type":"BreadcrumbList","@id":"https:\/\/www.redpiso.es\/news\/ibai-anuncia-la-velada-del-ano\/#breadcrumb","itemListElement":[{"@type":"ListItem","position":1,"name":"Portada","item":"https:\/\/www.redpiso.es\/news\/"},{"@type":"ListItem","position":2,"name":"Ibai anuncia La Velada del a\u00f1o III. Los detalles."}]},{"@type":"WebSite","@id":"https:\/\/www.redpiso.es\/news\/#website","url":"https:\/\/www.redpiso.es\/news\/","name":"REDPISO NEWS","description":"Noticias, consejos y eventos del mercado inmobiliario","potentialAction":[{"@type":"SearchAction","target":{"@type":"EntryPoint","urlTemplate":"https:\/\/www.redpiso.es\/news\/?s={search_term_string}"},"query-input":{"@type":"PropertyValueSpecification","valueRequired":true,"valueName":"search_term_string"}}],"inLanguage":"es"},{"@type":"Person","@id":"https:\/\/www.redpiso.es\/news\/#\/schema\/person\/0ad3883162edbf20f2699afd0aaecb48","name":"REDPISO","image":{"@type":"ImageObject","inLanguage":"es","@id":"https:\/\/secure.gravatar.com\/avatar\/3ca41dab015579861b3d62a151d6c3ed13d99e5cf208c0ea88faf5122eb8e097?s=96&d=mm&r=g","url":"https:\/\/secure.gravatar.com\/avatar\/3ca41dab015579861b3d62a151d6c3ed13d99e5cf208c0ea88faf5122eb8e097?s=96&d=mm&r=g","contentUrl":"https:\/\/secure.gravatar.com\/avatar\/3ca41dab015579861b3d62a151d6c3ed13d99e5cf208c0ea88faf5122eb8e097?s=96&d=mm&r=g","caption":"REDPISO"},"url":"https:\/\/www.redpiso.es\/news\/author\/luismi-palacios\/"}]}},"_links":{"self":[{"href":"https:\/\/www.redpiso.es\/news\/wp-json\/wp\/v2\/posts\/9422","targetHints":{"allow":["GET"]}}],"collection":[{"href":"https:\/\/www.redpiso.es\/news\/wp-json\/wp\/v2\/posts"}],"about":[{"href":"https:\/\/www.redpiso.es\/news\/wp-json\/wp\/v2\/types\/post"}],"author":[{"embeddable":true,"href":"https:\/\/www.redpiso.es\/news\/wp-json\/wp\/v2\/users\/2"}],"replies":[{"embeddable":true,"href":"https:\/\/www.redpiso.es\/news\/wp-json\/wp\/v2\/comments?post=9422"}],"version-history":[{"count":1,"href":"https:\/\/www.redpiso.es\/news\/wp-json\/wp\/v2\/posts\/9422\/revisions"}],"predecessor-version":[{"id":9424,"href":"https:\/\/www.redpiso.es\/news\/wp-json\/wp\/v2\/posts\/9422\/revisions\/9424"}],"wp:featuredmedia":[{"embeddable":true,"href":"https:\/\/www.redpiso.es\/news\/wp-json\/wp\/v2\/media\/9423"}],"wp:attachment":[{"href":"https:\/\/www.redpiso.es\/news\/wp-json\/wp\/v2\/media?parent=9422"}],"wp:term":[{"taxonomy":"category","embeddable":true,"href":"https:\/\/www.redpiso.es\/news\/wp-json\/wp\/v2\/categories?post=9422"},{"taxonomy":"post_tag","embeddable":true,"href":"https:\/\/www.redpiso.es\/news\/wp-json\/wp\/v2\/tags?post=9422"}],"curies":[{"name":"wp","href":"https:\/\/api.w.org\/{rel}","templated":true}]}}