{"id":8218,"date":"2021-09-01T08:14:10","date_gmt":"2021-09-01T08:14:10","guid":{"rendered":"https:\/\/www.redpiso.es\/news\/?p=8218"},"modified":"2021-09-10T13:01:59","modified_gmt":"2021-09-10T13:01:59","slug":"regreso-de-vacaciones-y-trabajo-desde-casa","status":"publish","type":"post","link":"https:\/\/www.redpiso.es\/news\/regreso-de-vacaciones-y-trabajo-desde-casa\/","title":{"rendered":"Regreso de vacaciones y trabajo desde casa"},"content":{"rendered":"<p>Es normal que muestres este des\u00e1nimo al volver a tus responsabilidades y mucho m\u00e1s si tu trabajo habitual ahora lo haces desde casa. En este art\u00edculo te presentamos varios trucos para sobrevivir al regreso de vacaciones al trabajo para que puedas volver a la rutina dentro de tu hogar para que esa sensaci\u00f3n de verano no se extienda de m\u00e1s.<\/p>\n<h3><strong>Se acab<\/strong><strong>an las vacaciones y comienza la rutina<\/strong><strong>\u2026\u00a0<\/strong><\/h3>\n<p>Todos nos preguntamos cu\u00e1les son las razones que hacen el regreso de vacaciones una tarea casi imposible. Las principales son las modificaciones en las horas de sue\u00f1o y los cambios en los horarios.<\/p>\n<h3><strong>\u00a1Adi\u00f3s Pijamas! <\/strong><\/h3>\n<p>Por mucho que nos sintamos c\u00f3modos con nuestras ropas de dormir y a\u00fan m\u00e1s cuando sabemos que no vamos a salir de casa en todo el d\u00eda, es importante levantarnos y cambiar de ropa cuando nos sentemos a trabajar, esto nos dar\u00e1 la sensaci\u00f3n de romper con la idea de estar en casa o a\u00fan de vacaciones. El regreso de vacaciones al trabajo puede ser duro, as\u00ed que \u00a1Ponte una sonrisa!<\/p>\n<p><img loading=\"lazy\" decoding=\"async\" class=\"wp-image-8221 aligncenter\" src=\"https:\/\/www.redpiso.es\/news\/wp-content\/uploads\/2021\/09\/PIJAMA-300x200.jpg\" alt=\"\" width=\"1000\" height=\"667\" srcset=\"https:\/\/www.redpiso.es\/news\/wp-content\/uploads\/2021\/09\/PIJAMA-300x200.jpg 300w, https:\/\/www.redpiso.es\/news\/wp-content\/uploads\/2021\/09\/PIJAMA-768x512.jpg 768w, https:\/\/www.redpiso.es\/news\/wp-content\/uploads\/2021\/09\/PIJAMA.jpg 847w\" sizes=\"auto, (max-width: 1000px) 100vw, 1000px\" \/><\/p>\n<p>&nbsp;<\/p>\n<h3><strong>Disfruta de las horas y los breaks <\/strong><\/h3>\n<p>Cada cierto tiempo, tomate un descanso (Como los descansos en la oficina) no abuses de los tiempos ni excedas el trabajo, los horarios son importantes para tener organizaci\u00f3n.<\/p>\n<h3><b>\u00a1Motivarte! <\/b><\/h3>\n<p>Lo m\u00e1s importante es las ganas y la motivaci\u00f3n que le pongas al <a href=\"https:\/\/www.redpiso.es\/news\/consejos-para-ser-mas-productivo-en-el-trabajo-desde-casa\/\">regreso al trabajo<\/a>. Uno de los mejores consejos para el fin de las vacaciones es estar preparado para el proceso, afronta este primer d\u00eda como una ocasi\u00f3n, no solo para volver a las responsabilidades, sino regresar a hablar con tus compa\u00f1eros y a pesar de estar en casa, para disfrutar de los encuentros digitales. El regreso de vacaciones al trabajo en casa puede traerte muchas alegr\u00edas.<\/p>\n<h3><strong>Muchos objetivos, pocas distracciones <\/strong><\/h3>\n<p>Tomate este regreso de vacaciones con calma, sabemos que es algo at\u00edpico, sigues en casa y seguramente tienes una lista de pendientes personales y profesionales que debes cubrir, \u00a1Organ\u00edzate! Crea una lista con lo que lleva prioridad en cada aspecto y busca la forma de organizar tu tiempo para que no te distraigas, marca tiempos y trata de cumplirlos para evitar distracciones.<\/p>\n","protected":false},"excerpt":{"rendered":"<p>Es normal que muestres este des\u00e1nimo al volver a tus responsabilidades y mucho m\u00e1s si tu trabajo habitual ahora lo haces desde casa. En este art\u00edculo te presentamos varios trucos para sobrevivir al regreso de vacaciones al trabajo para que puedas volver a la rutina dentro de tu hogar para que esa sensaci\u00f3n de verano no se extienda de m\u00e1s. [&hellip;]<\/p>\n","protected":false},"author":2,"featured_media":8219,"comment_status":"open","ping_status":"open","sticky":false,"template":"","format":"standard","meta":{"footnotes":""},"categories":[1],"tags":[1012,1009,551,173,872],"class_list":["post-8218","post","type-post","status-publish","format-standard","has-post-thumbnail","hentry","category-general","tag-rutina","tag-rutina-diaria","tag-teletrabajo","tag-vacaciones","tag-vuelta-al-trabajo"],"yoast_head":"<!-- This site is optimized with the Yoast SEO plugin v27.3 - https:\/\/yoast.com\/product\/yoast-seo-wordpress\/ -->\n<title>Regreso de vacaciones y trabajo desde casa - REDPISO NEWS<\/title>\n<meta name=\"description\" content=\"Regreso de vacaciones al trabajo en casa, teletrabajo despu\u00e9s de vacaciones, vuelta a la rutina diaria desde casa. el regreso al teletrabajo\" \/>\n<meta name=\"robots\" content=\"index, follow, max-snippet:-1, max-image-preview:large, max-video-preview:-1\" \/>\n<link rel=\"canonical\" href=\"https:\/\/www.redpiso.es\/news\/regreso-de-vacaciones-y-trabajo-desde-casa\/\" \/>\n<meta property=\"og:locale\" content=\"es_ES\" \/>\n<meta property=\"og:type\" content=\"article\" \/>\n<meta property=\"og:title\" content=\"Regreso de vacaciones y trabajo desde casa - REDPISO NEWS\" \/>\n<meta property=\"og:description\" content=\"Regreso de vacaciones al trabajo en casa, teletrabajo despu\u00e9s de vacaciones, vuelta a la rutina diaria desde casa. el regreso al teletrabajo\" \/>\n<meta property=\"og:url\" content=\"https:\/\/www.redpiso.es\/news\/regreso-de-vacaciones-y-trabajo-desde-casa\/\" \/>\n<meta property=\"og:site_name\" content=\"REDPISO NEWS\" \/>\n<meta property=\"article:published_time\" content=\"2021-09-01T08:14:10+00:00\" \/>\n<meta property=\"article:modified_time\" content=\"2021-09-10T13:01:59+00:00\" \/>\n<meta property=\"og:image\" content=\"https:\/\/www.redpiso.es\/news\/wp-content\/uploads\/2021\/09\/TELETRABAJO.jpg\" \/>\n\t<meta property=\"og:image:width\" content=\"847\" \/>\n\t<meta property=\"og:image:height\" content=\"565\" \/>\n\t<meta property=\"og:image:type\" content=\"image\/jpeg\" \/>\n<meta name=\"author\" content=\"REDPISO\" \/>\n<meta name=\"twitter:card\" content=\"summary_large_image\" \/>\n<meta name=\"twitter:label1\" content=\"Escrito por\" \/>\n\t<meta name=\"twitter:data1\" content=\"REDPISO\" \/>\n\t<meta name=\"twitter:label2\" content=\"Tiempo de lectura\" \/>\n\t<meta name=\"twitter:data2\" content=\"2 minutos\" \/>\n<script type=\"application\/ld+json\" class=\"yoast-schema-graph\">{\"@context\":\"https:\\\/\\\/schema.org\",\"@graph\":[{\"@type\":\"Article\",\"@id\":\"https:\\\/\\\/www.redpiso.es\\\/news\\\/regreso-de-vacaciones-y-trabajo-desde-casa\\\/#article\",\"isPartOf\":{\"@id\":\"https:\\\/\\\/www.redpiso.es\\\/news\\\/regreso-de-vacaciones-y-trabajo-desde-casa\\\/\"},\"author\":{\"name\":\"REDPISO\",\"@id\":\"https:\\\/\\\/www.redpiso.es\\\/news\\\/#\\\/schema\\\/person\\\/0ad3883162edbf20f2699afd0aaecb48\"},\"headline\":\"Regreso de vacaciones y trabajo desde casa\",\"datePublished\":\"2021-09-01T08:14:10+00:00\",\"dateModified\":\"2021-09-10T13:01:59+00:00\",\"mainEntityOfPage\":{\"@id\":\"https:\\\/\\\/www.redpiso.es\\\/news\\\/regreso-de-vacaciones-y-trabajo-desde-casa\\\/\"},\"wordCount\":387,\"commentCount\":0,\"image\":{\"@id\":\"https:\\\/\\\/www.redpiso.es\\\/news\\\/regreso-de-vacaciones-y-trabajo-desde-casa\\\/#primaryimage\"},\"thumbnailUrl\":\"https:\\\/\\\/www.redpiso.es\\\/news\\\/wp-content\\\/uploads\\\/2021\\\/09\\\/TELETRABAJO.jpg\",\"keywords\":[\"rutina\",\"rutina diaria\",\"teletrabajo\",\"vacaciones\",\"vuelta al trabajo\"],\"articleSection\":[\"General\"],\"inLanguage\":\"es\",\"potentialAction\":[{\"@type\":\"CommentAction\",\"name\":\"Comment\",\"target\":[\"https:\\\/\\\/www.redpiso.es\\\/news\\\/regreso-de-vacaciones-y-trabajo-desde-casa\\\/#respond\"]}]},{\"@type\":\"WebPage\",\"@id\":\"https:\\\/\\\/www.redpiso.es\\\/news\\\/regreso-de-vacaciones-y-trabajo-desde-casa\\\/\",\"url\":\"https:\\\/\\\/www.redpiso.es\\\/news\\\/regreso-de-vacaciones-y-trabajo-desde-casa\\\/\",\"name\":\"Regreso de vacaciones y trabajo desde casa - REDPISO NEWS\",\"isPartOf\":{\"@id\":\"https:\\\/\\\/www.redpiso.es\\\/news\\\/#website\"},\"primaryImageOfPage\":{\"@id\":\"https:\\\/\\\/www.redpiso.es\\\/news\\\/regreso-de-vacaciones-y-trabajo-desde-casa\\\/#primaryimage\"},\"image\":{\"@id\":\"https:\\\/\\\/www.redpiso.es\\\/news\\\/regreso-de-vacaciones-y-trabajo-desde-casa\\\/#primaryimage\"},\"thumbnailUrl\":\"https:\\\/\\\/www.redpiso.es\\\/news\\\/wp-content\\\/uploads\\\/2021\\\/09\\\/TELETRABAJO.jpg\",\"datePublished\":\"2021-09-01T08:14:10+00:00\",\"dateModified\":\"2021-09-10T13:01:59+00:00\",\"author\":{\"@id\":\"https:\\\/\\\/www.redpiso.es\\\/news\\\/#\\\/schema\\\/person\\\/0ad3883162edbf20f2699afd0aaecb48\"},\"description\":\"Regreso de vacaciones al trabajo en casa, teletrabajo despu\u00e9s de vacaciones, vuelta a la rutina diaria desde casa. el regreso al teletrabajo\",\"breadcrumb\":{\"@id\":\"https:\\\/\\\/www.redpiso.es\\\/news\\\/regreso-de-vacaciones-y-trabajo-desde-casa\\\/#breadcrumb\"},\"inLanguage\":\"es\",\"potentialAction\":[{\"@type\":\"ReadAction\",\"target\":[\"https:\\\/\\\/www.redpiso.es\\\/news\\\/regreso-de-vacaciones-y-trabajo-desde-casa\\\/\"]}]},{\"@type\":\"ImageObject\",\"inLanguage\":\"es\",\"@id\":\"https:\\\/\\\/www.redpiso.es\\\/news\\\/regreso-de-vacaciones-y-trabajo-desde-casa\\\/#primaryimage\",\"url\":\"https:\\\/\\\/www.redpiso.es\\\/news\\\/wp-content\\\/uploads\\\/2021\\\/09\\\/TELETRABAJO.jpg\",\"contentUrl\":\"https:\\\/\\\/www.redpiso.es\\\/news\\\/wp-content\\\/uploads\\\/2021\\\/09\\\/TELETRABAJO.jpg\",\"width\":847,\"height\":565,\"caption\":\"Regreso de vacaciones al trabajo en casa, teletrabajo despu\u00e9s de vacaciones, vuelta a la rutina diaria desde casa\"},{\"@type\":\"BreadcrumbList\",\"@id\":\"https:\\\/\\\/www.redpiso.es\\\/news\\\/regreso-de-vacaciones-y-trabajo-desde-casa\\\/#breadcrumb\",\"itemListElement\":[{\"@type\":\"ListItem\",\"position\":1,\"name\":\"Portada\",\"item\":\"https:\\\/\\\/www.redpiso.es\\\/news\\\/\"},{\"@type\":\"ListItem\",\"position\":2,\"name\":\"Regreso de vacaciones y trabajo desde casa\"}]},{\"@type\":\"WebSite\",\"@id\":\"https:\\\/\\\/www.redpiso.es\\\/news\\\/#website\",\"url\":\"https:\\\/\\\/www.redpiso.es\\\/news\\\/\",\"name\":\"REDPISO NEWS\",\"description\":\"Noticias, consejos y eventos del mercado inmobiliario\",\"potentialAction\":[{\"@type\":\"SearchAction\",\"target\":{\"@type\":\"EntryPoint\",\"urlTemplate\":\"https:\\\/\\\/www.redpiso.es\\\/news\\\/?s={search_term_string}\"},\"query-input\":{\"@type\":\"PropertyValueSpecification\",\"valueRequired\":true,\"valueName\":\"search_term_string\"}}],\"inLanguage\":\"es\"},{\"@type\":\"Person\",\"@id\":\"https:\\\/\\\/www.redpiso.es\\\/news\\\/#\\\/schema\\\/person\\\/0ad3883162edbf20f2699afd0aaecb48\",\"name\":\"REDPISO\",\"image\":{\"@type\":\"ImageObject\",\"inLanguage\":\"es\",\"@id\":\"https:\\\/\\\/secure.gravatar.com\\\/avatar\\\/3ca41dab015579861b3d62a151d6c3ed13d99e5cf208c0ea88faf5122eb8e097?s=96&d=mm&r=g\",\"url\":\"https:\\\/\\\/secure.gravatar.com\\\/avatar\\\/3ca41dab015579861b3d62a151d6c3ed13d99e5cf208c0ea88faf5122eb8e097?s=96&d=mm&r=g\",\"contentUrl\":\"https:\\\/\\\/secure.gravatar.com\\\/avatar\\\/3ca41dab015579861b3d62a151d6c3ed13d99e5cf208c0ea88faf5122eb8e097?s=96&d=mm&r=g\",\"caption\":\"REDPISO\"},\"url\":\"https:\\\/\\\/www.redpiso.es\\\/news\\\/author\\\/luismi-palacios\\\/\"}]}<\/script>\n<!-- \/ Yoast SEO plugin. -->","yoast_head_json":{"title":"Regreso de vacaciones y trabajo desde casa - REDPISO NEWS","description":"Regreso de vacaciones al trabajo en casa, teletrabajo despu\u00e9s de vacaciones, vuelta a la rutina diaria desde casa. el regreso al teletrabajo","robots":{"index":"index","follow":"follow","max-snippet":"max-snippet:-1","max-image-preview":"max-image-preview:large","max-video-preview":"max-video-preview:-1"},"canonical":"https:\/\/www.redpiso.es\/news\/regreso-de-vacaciones-y-trabajo-desde-casa\/","og_locale":"es_ES","og_type":"article","og_title":"Regreso de vacaciones y trabajo desde casa - REDPISO NEWS","og_description":"Regreso de vacaciones al trabajo en casa, teletrabajo despu\u00e9s de vacaciones, vuelta a la rutina diaria desde casa. el regreso al teletrabajo","og_url":"https:\/\/www.redpiso.es\/news\/regreso-de-vacaciones-y-trabajo-desde-casa\/","og_site_name":"REDPISO NEWS","article_published_time":"2021-09-01T08:14:10+00:00","article_modified_time":"2021-09-10T13:01:59+00:00","og_image":[{"width":847,"height":565,"url":"https:\/\/www.redpiso.es\/news\/wp-content\/uploads\/2021\/09\/TELETRABAJO.jpg","type":"image\/jpeg"}],"author":"REDPISO","twitter_card":"summary_large_image","twitter_misc":{"Escrito por":"REDPISO","Tiempo de lectura":"2 minutos"},"schema":{"@context":"https:\/\/schema.org","@graph":[{"@type":"Article","@id":"https:\/\/www.redpiso.es\/news\/regreso-de-vacaciones-y-trabajo-desde-casa\/#article","isPartOf":{"@id":"https:\/\/www.redpiso.es\/news\/regreso-de-vacaciones-y-trabajo-desde-casa\/"},"author":{"name":"REDPISO","@id":"https:\/\/www.redpiso.es\/news\/#\/schema\/person\/0ad3883162edbf20f2699afd0aaecb48"},"headline":"Regreso de vacaciones y trabajo desde casa","datePublished":"2021-09-01T08:14:10+00:00","dateModified":"2021-09-10T13:01:59+00:00","mainEntityOfPage":{"@id":"https:\/\/www.redpiso.es\/news\/regreso-de-vacaciones-y-trabajo-desde-casa\/"},"wordCount":387,"commentCount":0,"image":{"@id":"https:\/\/www.redpiso.es\/news\/regreso-de-vacaciones-y-trabajo-desde-casa\/#primaryimage"},"thumbnailUrl":"https:\/\/www.redpiso.es\/news\/wp-content\/uploads\/2021\/09\/TELETRABAJO.jpg","keywords":["rutina","rutina diaria","teletrabajo","vacaciones","vuelta al trabajo"],"articleSection":["General"],"inLanguage":"es","potentialAction":[{"@type":"CommentAction","name":"Comment","target":["https:\/\/www.redpiso.es\/news\/regreso-de-vacaciones-y-trabajo-desde-casa\/#respond"]}]},{"@type":"WebPage","@id":"https:\/\/www.redpiso.es\/news\/regreso-de-vacaciones-y-trabajo-desde-casa\/","url":"https:\/\/www.redpiso.es\/news\/regreso-de-vacaciones-y-trabajo-desde-casa\/","name":"Regreso de vacaciones y trabajo desde casa - REDPISO NEWS","isPartOf":{"@id":"https:\/\/www.redpiso.es\/news\/#website"},"primaryImageOfPage":{"@id":"https:\/\/www.redpiso.es\/news\/regreso-de-vacaciones-y-trabajo-desde-casa\/#primaryimage"},"image":{"@id":"https:\/\/www.redpiso.es\/news\/regreso-de-vacaciones-y-trabajo-desde-casa\/#primaryimage"},"thumbnailUrl":"https:\/\/www.redpiso.es\/news\/wp-content\/uploads\/2021\/09\/TELETRABAJO.jpg","datePublished":"2021-09-01T08:14:10+00:00","dateModified":"2021-09-10T13:01:59+00:00","author":{"@id":"https:\/\/www.redpiso.es\/news\/#\/schema\/person\/0ad3883162edbf20f2699afd0aaecb48"},"description":"Regreso de vacaciones al trabajo en casa, teletrabajo despu\u00e9s de vacaciones, vuelta a la rutina diaria desde casa. el regreso al teletrabajo","breadcrumb":{"@id":"https:\/\/www.redpiso.es\/news\/regreso-de-vacaciones-y-trabajo-desde-casa\/#breadcrumb"},"inLanguage":"es","potentialAction":[{"@type":"ReadAction","target":["https:\/\/www.redpiso.es\/news\/regreso-de-vacaciones-y-trabajo-desde-casa\/"]}]},{"@type":"ImageObject","inLanguage":"es","@id":"https:\/\/www.redpiso.es\/news\/regreso-de-vacaciones-y-trabajo-desde-casa\/#primaryimage","url":"https:\/\/www.redpiso.es\/news\/wp-content\/uploads\/2021\/09\/TELETRABAJO.jpg","contentUrl":"https:\/\/www.redpiso.es\/news\/wp-content\/uploads\/2021\/09\/TELETRABAJO.jpg","width":847,"height":565,"caption":"Regreso de vacaciones al trabajo en casa, teletrabajo despu\u00e9s de vacaciones, vuelta a la rutina diaria desde casa"},{"@type":"BreadcrumbList","@id":"https:\/\/www.redpiso.es\/news\/regreso-de-vacaciones-y-trabajo-desde-casa\/#breadcrumb","itemListElement":[{"@type":"ListItem","position":1,"name":"Portada","item":"https:\/\/www.redpiso.es\/news\/"},{"@type":"ListItem","position":2,"name":"Regreso de vacaciones y trabajo desde casa"}]},{"@type":"WebSite","@id":"https:\/\/www.redpiso.es\/news\/#website","url":"https:\/\/www.redpiso.es\/news\/","name":"REDPISO NEWS","description":"Noticias, consejos y eventos del mercado inmobiliario","potentialAction":[{"@type":"SearchAction","target":{"@type":"EntryPoint","urlTemplate":"https:\/\/www.redpiso.es\/news\/?s={search_term_string}"},"query-input":{"@type":"PropertyValueSpecification","valueRequired":true,"valueName":"search_term_string"}}],"inLanguage":"es"},{"@type":"Person","@id":"https:\/\/www.redpiso.es\/news\/#\/schema\/person\/0ad3883162edbf20f2699afd0aaecb48","name":"REDPISO","image":{"@type":"ImageObject","inLanguage":"es","@id":"https:\/\/secure.gravatar.com\/avatar\/3ca41dab015579861b3d62a151d6c3ed13d99e5cf208c0ea88faf5122eb8e097?s=96&d=mm&r=g","url":"https:\/\/secure.gravatar.com\/avatar\/3ca41dab015579861b3d62a151d6c3ed13d99e5cf208c0ea88faf5122eb8e097?s=96&d=mm&r=g","contentUrl":"https:\/\/secure.gravatar.com\/avatar\/3ca41dab015579861b3d62a151d6c3ed13d99e5cf208c0ea88faf5122eb8e097?s=96&d=mm&r=g","caption":"REDPISO"},"url":"https:\/\/www.redpiso.es\/news\/author\/luismi-palacios\/"}]}},"_links":{"self":[{"href":"https:\/\/www.redpiso.es\/news\/wp-json\/wp\/v2\/posts\/8218","targetHints":{"allow":["GET"]}}],"collection":[{"href":"https:\/\/www.redpiso.es\/news\/wp-json\/wp\/v2\/posts"}],"about":[{"href":"https:\/\/www.redpiso.es\/news\/wp-json\/wp\/v2\/types\/post"}],"author":[{"embeddable":true,"href":"https:\/\/www.redpiso.es\/news\/wp-json\/wp\/v2\/users\/2"}],"replies":[{"embeddable":true,"href":"https:\/\/www.redpiso.es\/news\/wp-json\/wp\/v2\/comments?post=8218"}],"version-history":[{"count":10,"href":"https:\/\/www.redpiso.es\/news\/wp-json\/wp\/v2\/posts\/8218\/revisions"}],"predecessor-version":[{"id":8294,"href":"https:\/\/www.redpiso.es\/news\/wp-json\/wp\/v2\/posts\/8218\/revisions\/8294"}],"wp:featuredmedia":[{"embeddable":true,"href":"https:\/\/www.redpiso.es\/news\/wp-json\/wp\/v2\/media\/8219"}],"wp:attachment":[{"href":"https:\/\/www.redpiso.es\/news\/wp-json\/wp\/v2\/media?parent=8218"}],"wp:term":[{"taxonomy":"category","embeddable":true,"href":"https:\/\/www.redpiso.es\/news\/wp-json\/wp\/v2\/categories?post=8218"},{"taxonomy":"post_tag","embeddable":true,"href":"https:\/\/www.redpiso.es\/news\/wp-json\/wp\/v2\/tags?post=8218"}],"curies":[{"name":"wp","href":"https:\/\/api.w.org\/{rel}","templated":true}]}}