{"id":766,"date":"2016-10-29T10:12:40","date_gmt":"2016-10-29T10:12:40","guid":{"rendered":"http:\/\/www.redpiso.es\/news\/?p=766"},"modified":"2016-10-11T10:14:39","modified_gmt":"2016-10-11T10:14:39","slug":"la-recuperacion-del-sector-inmobiliario-ya-hecho-2","status":"publish","type":"post","link":"https:\/\/www.redpiso.es\/news\/la-recuperacion-del-sector-inmobiliario-ya-hecho-2\/","title":{"rendered":"La recuperaci\u00f3n del sector inmobiliario ya es un hecho"},"content":{"rendered":"<p>En 2016, el <strong><em>sector inmobiliario<\/em><\/strong> est\u00e1 creciendo y ya se puede constatar que su recuperaci\u00f3n es un hecho. Este sector se ha convertido en un <strong><em>nicho de mercado<\/em><\/strong>, en el que ya hay inmobiliarias de gran reputaci\u00f3n como <a href=\"http:\/\/www.redpiso.es\/\"><strong><em>Redpiso<\/em><\/strong><\/a> y en el que se ha hecho muy dif\u00edcil poder entrar y hacer negocio.<\/p>\n<p>Se prev\u00e9 que este a\u00f1o aumenten tanto las <strong><em>operaciones inmobiliarias<\/em><\/strong> como los precios. Se espera que las transacciones aumenten en un 12% (450.000 operaciones) y los precios de las viviendas en un 3,3% respecto al a\u00f1o anterior.<\/p>\n<p>Adem\u00e1s, se est\u00e1 apreciando una subida en la adquisici\u00f3n de <a href=\"http:\/\/www.redpiso.es\/listado\/solar\/\"><strong><em>suelo urbano <\/em><\/strong><\/a><strong><em>y <a href=\"http:\/\/www.redpiso.es\/listado\/viviendas\/\">de viviendas de tipo residencial<\/a><\/em><\/strong>.<\/p>\n<p>Se dar\u00e1n alrededor de 70.000 nuevos <strong><em>permisos de obra nueva<\/em><\/strong> para edificar viviendas. Madrid concentrar\u00e1 el mayor n\u00famero de operaciones inmobiliarias, junto con otras ciudades que est\u00e1n despuntando como Barcelona. Ambas ciudades concentran la mayor parte de las <strong><em>transacciones inmobiliarias espa\u00f1olas<\/em><\/strong>. Adem\u00e1s, aumentar\u00e1 considerablemente el n\u00famero de adquisiciones de <a href=\"http:\/\/www.redpisopremium.com\/\"><strong><em>viviendas de lujo<\/em><\/strong><\/a>, constituidas por las casas de m\u00e1s de un mill\u00f3n de euros. Se espera que este tipo de viviendas representen el 63% del total de compras.<\/p>\n","protected":false},"excerpt":{"rendered":"<p>En 2016, el sector inmobiliario est\u00e1 creciendo y ya se puede constatar que su recuperaci\u00f3n es un hecho. Este sector se ha convertido en un nicho de mercado, en el que ya hay inmobiliarias de gran reputaci\u00f3n como Redpiso y en el que se ha hecho muy dif\u00edcil poder entrar y hacer negocio. Se prev\u00e9 que este a\u00f1o aumenten tanto [&hellip;]<\/p>\n","protected":false},"author":1,"featured_media":524,"comment_status":"closed","ping_status":"closed","sticky":false,"template":"","format":"standard","meta":{"footnotes":""},"categories":[1],"tags":[],"class_list":["post-766","post","type-post","status-publish","format-standard","has-post-thumbnail","hentry","category-general"],"yoast_head":"<!-- This site is optimized with the Yoast SEO plugin v27.3 - https:\/\/yoast.com\/product\/yoast-seo-wordpress\/ -->\n<title>La recuperaci\u00f3n del sector inmobiliario ya es un hecho - REDPISO NEWS<\/title>\n<meta name=\"description\" content=\"el sector inmobiliario se est\u00e1 recuperando notablemente y se prev\u00e9 que este a\u00f1o siga aumentando.\" \/>\n<meta name=\"robots\" content=\"index, follow, max-snippet:-1, max-image-preview:large, max-video-preview:-1\" \/>\n<link rel=\"canonical\" href=\"https:\/\/www.redpiso.es\/news\/la-recuperacion-del-sector-inmobiliario-ya-hecho-2\/\" \/>\n<meta property=\"og:locale\" content=\"es_ES\" \/>\n<meta property=\"og:type\" content=\"article\" \/>\n<meta property=\"og:title\" content=\"La recuperaci\u00f3n del sector inmobiliario ya es un hecho - REDPISO NEWS\" \/>\n<meta property=\"og:description\" content=\"el sector inmobiliario se est\u00e1 recuperando notablemente y se prev\u00e9 que este a\u00f1o siga aumentando.\" \/>\n<meta property=\"og:url\" content=\"https:\/\/www.redpiso.es\/news\/la-recuperacion-del-sector-inmobiliario-ya-hecho-2\/\" \/>\n<meta property=\"og:site_name\" content=\"REDPISO NEWS\" \/>\n<meta property=\"article:published_time\" content=\"2016-10-29T10:12:40+00:00\" \/>\n<meta property=\"og:image\" content=\"https:\/\/www.redpiso.es\/news\/wp-content\/uploads\/2016\/07\/Imagen-1-ALT-recuperacio\u0301n-del-sector-inmobiliario.jpg\" \/>\n\t<meta property=\"og:image:width\" content=\"1250\" \/>\n\t<meta property=\"og:image:height\" content=\"913\" \/>\n\t<meta property=\"og:image:type\" content=\"image\/jpeg\" \/>\n<meta name=\"author\" content=\"REDPISO NEWS\" \/>\n<meta name=\"twitter:card\" content=\"summary_large_image\" \/>\n<meta name=\"twitter:label1\" content=\"Escrito por\" \/>\n\t<meta name=\"twitter:data1\" content=\"REDPISO NEWS\" \/>\n\t<meta name=\"twitter:label2\" content=\"Tiempo de lectura\" \/>\n\t<meta name=\"twitter:data2\" content=\"1 minuto\" \/>\n<script type=\"application\/ld+json\" class=\"yoast-schema-graph\">{\"@context\":\"https:\\\/\\\/schema.org\",\"@graph\":[{\"@type\":\"Article\",\"@id\":\"https:\\\/\\\/www.redpiso.es\\\/news\\\/la-recuperacion-del-sector-inmobiliario-ya-hecho-2\\\/#article\",\"isPartOf\":{\"@id\":\"https:\\\/\\\/www.redpiso.es\\\/news\\\/la-recuperacion-del-sector-inmobiliario-ya-hecho-2\\\/\"},\"author\":{\"name\":\"REDPISO NEWS\",\"@id\":\"https:\\\/\\\/www.redpiso.es\\\/news\\\/#\\\/schema\\\/person\\\/fbfb79a583eef8420922e59e21ef3616\"},\"headline\":\"La recuperaci\u00f3n del sector inmobiliario ya es un hecho\",\"datePublished\":\"2016-10-29T10:12:40+00:00\",\"mainEntityOfPage\":{\"@id\":\"https:\\\/\\\/www.redpiso.es\\\/news\\\/la-recuperacion-del-sector-inmobiliario-ya-hecho-2\\\/\"},\"wordCount\":204,\"image\":{\"@id\":\"https:\\\/\\\/www.redpiso.es\\\/news\\\/la-recuperacion-del-sector-inmobiliario-ya-hecho-2\\\/#primaryimage\"},\"thumbnailUrl\":\"https:\\\/\\\/www.redpiso.es\\\/news\\\/wp-content\\\/uploads\\\/2016\\\/07\\\/Imagen-1-ALT-recuperacio\u0301n-del-sector-inmobiliario.jpg\",\"articleSection\":[\"General\"],\"inLanguage\":\"es\"},{\"@type\":\"WebPage\",\"@id\":\"https:\\\/\\\/www.redpiso.es\\\/news\\\/la-recuperacion-del-sector-inmobiliario-ya-hecho-2\\\/\",\"url\":\"https:\\\/\\\/www.redpiso.es\\\/news\\\/la-recuperacion-del-sector-inmobiliario-ya-hecho-2\\\/\",\"name\":\"La recuperaci\u00f3n del sector inmobiliario ya es un hecho - REDPISO NEWS\",\"isPartOf\":{\"@id\":\"https:\\\/\\\/www.redpiso.es\\\/news\\\/#website\"},\"primaryImageOfPage\":{\"@id\":\"https:\\\/\\\/www.redpiso.es\\\/news\\\/la-recuperacion-del-sector-inmobiliario-ya-hecho-2\\\/#primaryimage\"},\"image\":{\"@id\":\"https:\\\/\\\/www.redpiso.es\\\/news\\\/la-recuperacion-del-sector-inmobiliario-ya-hecho-2\\\/#primaryimage\"},\"thumbnailUrl\":\"https:\\\/\\\/www.redpiso.es\\\/news\\\/wp-content\\\/uploads\\\/2016\\\/07\\\/Imagen-1-ALT-recuperacio\u0301n-del-sector-inmobiliario.jpg\",\"datePublished\":\"2016-10-29T10:12:40+00:00\",\"author\":{\"@id\":\"https:\\\/\\\/www.redpiso.es\\\/news\\\/#\\\/schema\\\/person\\\/fbfb79a583eef8420922e59e21ef3616\"},\"description\":\"el sector inmobiliario se est\u00e1 recuperando notablemente y se prev\u00e9 que este a\u00f1o siga aumentando.\",\"breadcrumb\":{\"@id\":\"https:\\\/\\\/www.redpiso.es\\\/news\\\/la-recuperacion-del-sector-inmobiliario-ya-hecho-2\\\/#breadcrumb\"},\"inLanguage\":\"es\",\"potentialAction\":[{\"@type\":\"ReadAction\",\"target\":[\"https:\\\/\\\/www.redpiso.es\\\/news\\\/la-recuperacion-del-sector-inmobiliario-ya-hecho-2\\\/\"]}]},{\"@type\":\"ImageObject\",\"inLanguage\":\"es\",\"@id\":\"https:\\\/\\\/www.redpiso.es\\\/news\\\/la-recuperacion-del-sector-inmobiliario-ya-hecho-2\\\/#primaryimage\",\"url\":\"https:\\\/\\\/www.redpiso.es\\\/news\\\/wp-content\\\/uploads\\\/2016\\\/07\\\/Imagen-1-ALT-recuperacio\u0301n-del-sector-inmobiliario.jpg\",\"contentUrl\":\"https:\\\/\\\/www.redpiso.es\\\/news\\\/wp-content\\\/uploads\\\/2016\\\/07\\\/Imagen-1-ALT-recuperacio\u0301n-del-sector-inmobiliario.jpg\",\"width\":1250,\"height\":913,\"caption\":\"recuperacio\u0301n del sector inmobiliario\"},{\"@type\":\"BreadcrumbList\",\"@id\":\"https:\\\/\\\/www.redpiso.es\\\/news\\\/la-recuperacion-del-sector-inmobiliario-ya-hecho-2\\\/#breadcrumb\",\"itemListElement\":[{\"@type\":\"ListItem\",\"position\":1,\"name\":\"Portada\",\"item\":\"https:\\\/\\\/www.redpiso.es\\\/news\\\/\"},{\"@type\":\"ListItem\",\"position\":2,\"name\":\"La recuperaci\u00f3n del sector inmobiliario ya es un hecho\"}]},{\"@type\":\"WebSite\",\"@id\":\"https:\\\/\\\/www.redpiso.es\\\/news\\\/#website\",\"url\":\"https:\\\/\\\/www.redpiso.es\\\/news\\\/\",\"name\":\"REDPISO NEWS\",\"description\":\"Noticias, consejos y eventos del mercado inmobiliario\",\"potentialAction\":[{\"@type\":\"SearchAction\",\"target\":{\"@type\":\"EntryPoint\",\"urlTemplate\":\"https:\\\/\\\/www.redpiso.es\\\/news\\\/?s={search_term_string}\"},\"query-input\":{\"@type\":\"PropertyValueSpecification\",\"valueRequired\":true,\"valueName\":\"search_term_string\"}}],\"inLanguage\":\"es\"},{\"@type\":\"Person\",\"@id\":\"https:\\\/\\\/www.redpiso.es\\\/news\\\/#\\\/schema\\\/person\\\/fbfb79a583eef8420922e59e21ef3616\",\"name\":\"REDPISO NEWS\",\"image\":{\"@type\":\"ImageObject\",\"inLanguage\":\"es\",\"@id\":\"https:\\\/\\\/secure.gravatar.com\\\/avatar\\\/0d0d30bf4088455d18140a89a2b03d64feb180ccf13e3885b8e64fa88e129699?s=96&d=mm&r=g\",\"url\":\"https:\\\/\\\/secure.gravatar.com\\\/avatar\\\/0d0d30bf4088455d18140a89a2b03d64feb180ccf13e3885b8e64fa88e129699?s=96&d=mm&r=g\",\"contentUrl\":\"https:\\\/\\\/secure.gravatar.com\\\/avatar\\\/0d0d30bf4088455d18140a89a2b03d64feb180ccf13e3885b8e64fa88e129699?s=96&d=mm&r=g\",\"caption\":\"REDPISO NEWS\"},\"url\":\"https:\\\/\\\/www.redpiso.es\\\/news\\\/author\\\/admin\\\/\"}]}<\/script>\n<!-- \/ Yoast SEO plugin. -->","yoast_head_json":{"title":"La recuperaci\u00f3n del sector inmobiliario ya es un hecho - REDPISO NEWS","description":"el sector inmobiliario se est\u00e1 recuperando notablemente y se prev\u00e9 que este a\u00f1o siga aumentando.","robots":{"index":"index","follow":"follow","max-snippet":"max-snippet:-1","max-image-preview":"max-image-preview:large","max-video-preview":"max-video-preview:-1"},"canonical":"https:\/\/www.redpiso.es\/news\/la-recuperacion-del-sector-inmobiliario-ya-hecho-2\/","og_locale":"es_ES","og_type":"article","og_title":"La recuperaci\u00f3n del sector inmobiliario ya es un hecho - REDPISO NEWS","og_description":"el sector inmobiliario se est\u00e1 recuperando notablemente y se prev\u00e9 que este a\u00f1o siga aumentando.","og_url":"https:\/\/www.redpiso.es\/news\/la-recuperacion-del-sector-inmobiliario-ya-hecho-2\/","og_site_name":"REDPISO NEWS","article_published_time":"2016-10-29T10:12:40+00:00","og_image":[{"width":1250,"height":913,"url":"https:\/\/www.redpiso.es\/news\/wp-content\/uploads\/2016\/07\/Imagen-1-ALT-recuperacio\u0301n-del-sector-inmobiliario.jpg","type":"image\/jpeg"}],"author":"REDPISO NEWS","twitter_card":"summary_large_image","twitter_misc":{"Escrito por":"REDPISO NEWS","Tiempo de lectura":"1 minuto"},"schema":{"@context":"https:\/\/schema.org","@graph":[{"@type":"Article","@id":"https:\/\/www.redpiso.es\/news\/la-recuperacion-del-sector-inmobiliario-ya-hecho-2\/#article","isPartOf":{"@id":"https:\/\/www.redpiso.es\/news\/la-recuperacion-del-sector-inmobiliario-ya-hecho-2\/"},"author":{"name":"REDPISO NEWS","@id":"https:\/\/www.redpiso.es\/news\/#\/schema\/person\/fbfb79a583eef8420922e59e21ef3616"},"headline":"La recuperaci\u00f3n del sector inmobiliario ya es un hecho","datePublished":"2016-10-29T10:12:40+00:00","mainEntityOfPage":{"@id":"https:\/\/www.redpiso.es\/news\/la-recuperacion-del-sector-inmobiliario-ya-hecho-2\/"},"wordCount":204,"image":{"@id":"https:\/\/www.redpiso.es\/news\/la-recuperacion-del-sector-inmobiliario-ya-hecho-2\/#primaryimage"},"thumbnailUrl":"https:\/\/www.redpiso.es\/news\/wp-content\/uploads\/2016\/07\/Imagen-1-ALT-recuperacio\u0301n-del-sector-inmobiliario.jpg","articleSection":["General"],"inLanguage":"es"},{"@type":"WebPage","@id":"https:\/\/www.redpiso.es\/news\/la-recuperacion-del-sector-inmobiliario-ya-hecho-2\/","url":"https:\/\/www.redpiso.es\/news\/la-recuperacion-del-sector-inmobiliario-ya-hecho-2\/","name":"La recuperaci\u00f3n del sector inmobiliario ya es un hecho - REDPISO NEWS","isPartOf":{"@id":"https:\/\/www.redpiso.es\/news\/#website"},"primaryImageOfPage":{"@id":"https:\/\/www.redpiso.es\/news\/la-recuperacion-del-sector-inmobiliario-ya-hecho-2\/#primaryimage"},"image":{"@id":"https:\/\/www.redpiso.es\/news\/la-recuperacion-del-sector-inmobiliario-ya-hecho-2\/#primaryimage"},"thumbnailUrl":"https:\/\/www.redpiso.es\/news\/wp-content\/uploads\/2016\/07\/Imagen-1-ALT-recuperacio\u0301n-del-sector-inmobiliario.jpg","datePublished":"2016-10-29T10:12:40+00:00","author":{"@id":"https:\/\/www.redpiso.es\/news\/#\/schema\/person\/fbfb79a583eef8420922e59e21ef3616"},"description":"el sector inmobiliario se est\u00e1 recuperando notablemente y se prev\u00e9 que este a\u00f1o siga aumentando.","breadcrumb":{"@id":"https:\/\/www.redpiso.es\/news\/la-recuperacion-del-sector-inmobiliario-ya-hecho-2\/#breadcrumb"},"inLanguage":"es","potentialAction":[{"@type":"ReadAction","target":["https:\/\/www.redpiso.es\/news\/la-recuperacion-del-sector-inmobiliario-ya-hecho-2\/"]}]},{"@type":"ImageObject","inLanguage":"es","@id":"https:\/\/www.redpiso.es\/news\/la-recuperacion-del-sector-inmobiliario-ya-hecho-2\/#primaryimage","url":"https:\/\/www.redpiso.es\/news\/wp-content\/uploads\/2016\/07\/Imagen-1-ALT-recuperacio\u0301n-del-sector-inmobiliario.jpg","contentUrl":"https:\/\/www.redpiso.es\/news\/wp-content\/uploads\/2016\/07\/Imagen-1-ALT-recuperacio\u0301n-del-sector-inmobiliario.jpg","width":1250,"height":913,"caption":"recuperacio\u0301n del sector inmobiliario"},{"@type":"BreadcrumbList","@id":"https:\/\/www.redpiso.es\/news\/la-recuperacion-del-sector-inmobiliario-ya-hecho-2\/#breadcrumb","itemListElement":[{"@type":"ListItem","position":1,"name":"Portada","item":"https:\/\/www.redpiso.es\/news\/"},{"@type":"ListItem","position":2,"name":"La recuperaci\u00f3n del sector inmobiliario ya es un hecho"}]},{"@type":"WebSite","@id":"https:\/\/www.redpiso.es\/news\/#website","url":"https:\/\/www.redpiso.es\/news\/","name":"REDPISO NEWS","description":"Noticias, consejos y eventos del mercado inmobiliario","potentialAction":[{"@type":"SearchAction","target":{"@type":"EntryPoint","urlTemplate":"https:\/\/www.redpiso.es\/news\/?s={search_term_string}"},"query-input":{"@type":"PropertyValueSpecification","valueRequired":true,"valueName":"search_term_string"}}],"inLanguage":"es"},{"@type":"Person","@id":"https:\/\/www.redpiso.es\/news\/#\/schema\/person\/fbfb79a583eef8420922e59e21ef3616","name":"REDPISO NEWS","image":{"@type":"ImageObject","inLanguage":"es","@id":"https:\/\/secure.gravatar.com\/avatar\/0d0d30bf4088455d18140a89a2b03d64feb180ccf13e3885b8e64fa88e129699?s=96&d=mm&r=g","url":"https:\/\/secure.gravatar.com\/avatar\/0d0d30bf4088455d18140a89a2b03d64feb180ccf13e3885b8e64fa88e129699?s=96&d=mm&r=g","contentUrl":"https:\/\/secure.gravatar.com\/avatar\/0d0d30bf4088455d18140a89a2b03d64feb180ccf13e3885b8e64fa88e129699?s=96&d=mm&r=g","caption":"REDPISO NEWS"},"url":"https:\/\/www.redpiso.es\/news\/author\/admin\/"}]}},"_links":{"self":[{"href":"https:\/\/www.redpiso.es\/news\/wp-json\/wp\/v2\/posts\/766","targetHints":{"allow":["GET"]}}],"collection":[{"href":"https:\/\/www.redpiso.es\/news\/wp-json\/wp\/v2\/posts"}],"about":[{"href":"https:\/\/www.redpiso.es\/news\/wp-json\/wp\/v2\/types\/post"}],"author":[{"embeddable":true,"href":"https:\/\/www.redpiso.es\/news\/wp-json\/wp\/v2\/users\/1"}],"replies":[{"embeddable":true,"href":"https:\/\/www.redpiso.es\/news\/wp-json\/wp\/v2\/comments?post=766"}],"version-history":[{"count":1,"href":"https:\/\/www.redpiso.es\/news\/wp-json\/wp\/v2\/posts\/766\/revisions"}],"predecessor-version":[{"id":767,"href":"https:\/\/www.redpiso.es\/news\/wp-json\/wp\/v2\/posts\/766\/revisions\/767"}],"wp:featuredmedia":[{"embeddable":true,"href":"https:\/\/www.redpiso.es\/news\/wp-json\/wp\/v2\/media\/524"}],"wp:attachment":[{"href":"https:\/\/www.redpiso.es\/news\/wp-json\/wp\/v2\/media?parent=766"}],"wp:term":[{"taxonomy":"category","embeddable":true,"href":"https:\/\/www.redpiso.es\/news\/wp-json\/wp\/v2\/categories?post=766"},{"taxonomy":"post_tag","embeddable":true,"href":"https:\/\/www.redpiso.es\/news\/wp-json\/wp\/v2\/tags?post=766"}],"curies":[{"name":"wp","href":"https:\/\/api.w.org\/{rel}","templated":true}]}}