{"id":6928,"date":"2020-12-10T09:51:51","date_gmt":"2020-12-10T09:51:51","guid":{"rendered":"https:\/\/www.redpiso.es\/news\/?p=6928"},"modified":"2020-12-10T12:50:43","modified_gmt":"2020-12-10T12:50:43","slug":"dia-de-los-derechos-humanos","status":"publish","type":"post","link":"https:\/\/www.redpiso.es\/news\/dia-de-los-derechos-humanos\/","title":{"rendered":"D\u00eda de los Derechos Humanos"},"content":{"rendered":"<p>&nbsp;<\/p>\n<p>Hoy, <strong>10 de diciembre de 2020<\/strong>, desde <a href=\"https:\/\/www.redpiso.es\/\">Redpiso<\/a> queremos conmemorar <strong>el d\u00eda de los derechos humanos<\/strong>. Esta declaraci\u00f3n fue firmada 3 d\u00edas despu\u00e9s de finalizar la Segunda Guerra Mundial.<\/p>\n<p>La <strong>Declaraci\u00f3n Universal de los Derechos Humanos<\/strong> contiene <a href=\"https:\/\/www.un.org\/es\/universal-declaration-human-rights\/\">30 art\u00edculos<\/a>, los cuales luchan por velar por la integridad, libertad y los derechos de todos los individuos.<\/p>\n<p>&nbsp;<\/p>\n<p style=\"text-align: center;\"><strong>Origen de la Declaraci\u00f3n Universal de los Derechos Humanos<\/strong><\/p>\n<p>&nbsp;<\/p>\n<p>El texto de la Declaraci\u00f3n Universal de los Derechos Humanos se encuentra inspirado en la <strong>Declaraci\u00f3n de los derechos del hombre y del ciudadano de 1798<\/strong>. Fue debido a los horribles cr\u00edmenes y genocidios de la Segunda Guerra Mundial lo que llevo a su creaci\u00f3n. La comunidad internacional se decidi\u00f3 a buscar y elaborar una carta en la que se defendieran los derechos contra el nazismo y el fascismo.<\/p>\n<p>Esta carta en la que se recogen los<strong> 30 derechos<\/strong>\u00a0<b>fundamentales<\/b>\u00a0fue presidida por un comit\u00e9 presidido por <strong>Eleanor Roosevelt<\/strong> y compuesto por <strong>18 pa\u00edses<\/strong>. La carta fue redactada y escrita por John <strong>Peters Humphrey<\/strong>. El texto fue aprobado por 48 votos a favor y 8 abstenciones. Participaron por los que entonces eran los <strong>58<\/strong> Estados miembros de la Asamblea General de la ONU. Finalmente el texto de la carta fue revisado y redactado finalmente por el franc\u00e9s <strong>Ren\u00e9 Cassin<\/strong>, qui\u00e9n entrego el escrito a la Comisi\u00f3n de los derechos humanos.<\/p>\n<p>&nbsp;<\/p>\n<p style=\"text-align: center;\"><strong>Caracter\u00edsticas de los Derechos Humanos<\/strong><\/p>\n<p>&nbsp;<\/p>\n<p>Todos y cada uno de los derechos humanos tienen la misma importancia, as\u00ed como todos los gobiernos deben de tratarlos de un modo justo,\u00a0 \u00e9tico y equitativo. Los derechos humanos se encuentran caracterizados por ser <strong>universales<\/strong>, <strong>indivisibles<\/strong> e <strong>interdependientes.<\/strong><\/p>\n<p>Hay un principio b\u00e1sico que subyace en todos los derechos y contenidos de la <strong>Declaraci\u00f3n Universal de los Derechos Humanos. <\/strong>\u00a0Todos los seres humanos tienen unos mismos derechos<strong> inalienables<\/strong>. Todas las personas tienen los mismos derechos con indiferencia de su g\u00e9nero, raza, cultura, etnia e ideolog\u00eda.<\/p>\n<p>&nbsp;<\/p>\n<p style=\"text-align: center;\"><strong>Los Derechos Humanos en la actualidad<\/strong><\/p>\n<p>&nbsp;<\/p>\n<p>Hoy en d\u00eda, por desgracia existen muchos gobiernos y pa\u00edses en donde no se respetan los derechos humanos. Si bien es cierto que cada vez son m\u00e1s los pa\u00edses que se involucran en defender esta carta a\u00fan existen pa\u00edses en donde no se respetan los derechos fundamentales.<\/p>\n","protected":false},"excerpt":{"rendered":"<p>&nbsp; Hoy, 10 de diciembre de 2020, desde Redpiso queremos conmemorar el d\u00eda de los derechos humanos. Esta declaraci\u00f3n fue firmada 3 d\u00edas despu\u00e9s de finalizar la Segunda Guerra Mundial. La Declaraci\u00f3n Universal de los Derechos Humanos contiene 30 art\u00edculos, los cuales luchan por velar por la integridad, libertad y los derechos de todos los individuos. &nbsp; Origen de la [&hellip;]<\/p>\n","protected":false},"author":2,"featured_media":6929,"comment_status":"open","ping_status":"open","sticky":false,"template":"","format":"standard","meta":{"footnotes":""},"categories":[1],"tags":[1096,1097,1098,1099],"class_list":["post-6928","post","type-post","status-publish","format-standard","has-post-thumbnail","hentry","category-general","tag-declaracion-universal-de-los-derechos-humanos","tag-derechos-humanos","tag-dia-de-los-derechos-humanos","tag-onu"],"yoast_head":"<!-- This site is optimized with the Yoast SEO plugin v27.3 - https:\/\/yoast.com\/product\/yoast-seo-wordpress\/ -->\n<title>D\u00eda de los Derechos Humanos - REDPISO NEWS<\/title>\n<meta name=\"description\" content=\"El d\u00eda de los Derechos Humanos conmemora a la Declaraci\u00f3n Universal de los Derechos Humanos. En ella se recogen 30 art\u00edculos fundamentales.\" \/>\n<meta name=\"robots\" content=\"index, follow, max-snippet:-1, max-image-preview:large, max-video-preview:-1\" \/>\n<link rel=\"canonical\" href=\"https:\/\/www.redpiso.es\/news\/dia-de-los-derechos-humanos\/\" \/>\n<meta property=\"og:locale\" content=\"es_ES\" \/>\n<meta property=\"og:type\" content=\"article\" \/>\n<meta property=\"og:title\" content=\"D\u00eda de los Derechos Humanos - REDPISO NEWS\" \/>\n<meta property=\"og:description\" content=\"El d\u00eda de los Derechos Humanos conmemora a la Declaraci\u00f3n Universal de los Derechos Humanos. En ella se recogen 30 art\u00edculos fundamentales.\" \/>\n<meta property=\"og:url\" content=\"https:\/\/www.redpiso.es\/news\/dia-de-los-derechos-humanos\/\" \/>\n<meta property=\"og:site_name\" content=\"REDPISO NEWS\" \/>\n<meta property=\"article:published_time\" content=\"2020-12-10T09:51:51+00:00\" \/>\n<meta property=\"article:modified_time\" content=\"2020-12-10T12:50:43+00:00\" \/>\n<meta property=\"og:image\" content=\"https:\/\/www.redpiso.es\/news\/wp-content\/uploads\/2020\/12\/derechos-humanos.jpg\" \/>\n\t<meta property=\"og:image:width\" content=\"812\" \/>\n\t<meta property=\"og:image:height\" content=\"589\" \/>\n\t<meta property=\"og:image:type\" content=\"image\/jpeg\" \/>\n<meta name=\"author\" content=\"REDPISO\" \/>\n<meta name=\"twitter:card\" content=\"summary_large_image\" \/>\n<meta name=\"twitter:label1\" content=\"Escrito por\" \/>\n\t<meta name=\"twitter:data1\" content=\"REDPISO\" \/>\n\t<meta name=\"twitter:label2\" content=\"Tiempo de lectura\" \/>\n\t<meta name=\"twitter:data2\" content=\"2 minutos\" \/>\n<script type=\"application\/ld+json\" class=\"yoast-schema-graph\">{\"@context\":\"https:\\\/\\\/schema.org\",\"@graph\":[{\"@type\":\"Article\",\"@id\":\"https:\\\/\\\/www.redpiso.es\\\/news\\\/dia-de-los-derechos-humanos\\\/#article\",\"isPartOf\":{\"@id\":\"https:\\\/\\\/www.redpiso.es\\\/news\\\/dia-de-los-derechos-humanos\\\/\"},\"author\":{\"name\":\"REDPISO\",\"@id\":\"https:\\\/\\\/www.redpiso.es\\\/news\\\/#\\\/schema\\\/person\\\/0ad3883162edbf20f2699afd0aaecb48\"},\"headline\":\"D\u00eda de los Derechos Humanos\",\"datePublished\":\"2020-12-10T09:51:51+00:00\",\"dateModified\":\"2020-12-10T12:50:43+00:00\",\"mainEntityOfPage\":{\"@id\":\"https:\\\/\\\/www.redpiso.es\\\/news\\\/dia-de-los-derechos-humanos\\\/\"},\"wordCount\":396,\"commentCount\":0,\"image\":{\"@id\":\"https:\\\/\\\/www.redpiso.es\\\/news\\\/dia-de-los-derechos-humanos\\\/#primaryimage\"},\"thumbnailUrl\":\"https:\\\/\\\/www.redpiso.es\\\/news\\\/wp-content\\\/uploads\\\/2020\\\/12\\\/derechos-humanos.jpg\",\"keywords\":[\"Declaraci\u00f3n Universal de los Derechos Humanos\",\"Derechos Humanos\",\"D\u00eda de los Derechos Humanos\",\"ONU\"],\"articleSection\":[\"General\"],\"inLanguage\":\"es\",\"potentialAction\":[{\"@type\":\"CommentAction\",\"name\":\"Comment\",\"target\":[\"https:\\\/\\\/www.redpiso.es\\\/news\\\/dia-de-los-derechos-humanos\\\/#respond\"]}]},{\"@type\":\"WebPage\",\"@id\":\"https:\\\/\\\/www.redpiso.es\\\/news\\\/dia-de-los-derechos-humanos\\\/\",\"url\":\"https:\\\/\\\/www.redpiso.es\\\/news\\\/dia-de-los-derechos-humanos\\\/\",\"name\":\"D\u00eda de los Derechos Humanos - REDPISO NEWS\",\"isPartOf\":{\"@id\":\"https:\\\/\\\/www.redpiso.es\\\/news\\\/#website\"},\"primaryImageOfPage\":{\"@id\":\"https:\\\/\\\/www.redpiso.es\\\/news\\\/dia-de-los-derechos-humanos\\\/#primaryimage\"},\"image\":{\"@id\":\"https:\\\/\\\/www.redpiso.es\\\/news\\\/dia-de-los-derechos-humanos\\\/#primaryimage\"},\"thumbnailUrl\":\"https:\\\/\\\/www.redpiso.es\\\/news\\\/wp-content\\\/uploads\\\/2020\\\/12\\\/derechos-humanos.jpg\",\"datePublished\":\"2020-12-10T09:51:51+00:00\",\"dateModified\":\"2020-12-10T12:50:43+00:00\",\"author\":{\"@id\":\"https:\\\/\\\/www.redpiso.es\\\/news\\\/#\\\/schema\\\/person\\\/0ad3883162edbf20f2699afd0aaecb48\"},\"description\":\"El d\u00eda de los Derechos Humanos conmemora a la Declaraci\u00f3n Universal de los Derechos Humanos. En ella se recogen 30 art\u00edculos fundamentales.\",\"breadcrumb\":{\"@id\":\"https:\\\/\\\/www.redpiso.es\\\/news\\\/dia-de-los-derechos-humanos\\\/#breadcrumb\"},\"inLanguage\":\"es\",\"potentialAction\":[{\"@type\":\"ReadAction\",\"target\":[\"https:\\\/\\\/www.redpiso.es\\\/news\\\/dia-de-los-derechos-humanos\\\/\"]}]},{\"@type\":\"ImageObject\",\"inLanguage\":\"es\",\"@id\":\"https:\\\/\\\/www.redpiso.es\\\/news\\\/dia-de-los-derechos-humanos\\\/#primaryimage\",\"url\":\"https:\\\/\\\/www.redpiso.es\\\/news\\\/wp-content\\\/uploads\\\/2020\\\/12\\\/derechos-humanos.jpg\",\"contentUrl\":\"https:\\\/\\\/www.redpiso.es\\\/news\\\/wp-content\\\/uploads\\\/2020\\\/12\\\/derechos-humanos.jpg\",\"width\":812,\"height\":589,\"caption\":\"Declaraci\u00f3n Universal de los Derechos Humanos\"},{\"@type\":\"BreadcrumbList\",\"@id\":\"https:\\\/\\\/www.redpiso.es\\\/news\\\/dia-de-los-derechos-humanos\\\/#breadcrumb\",\"itemListElement\":[{\"@type\":\"ListItem\",\"position\":1,\"name\":\"Portada\",\"item\":\"https:\\\/\\\/www.redpiso.es\\\/news\\\/\"},{\"@type\":\"ListItem\",\"position\":2,\"name\":\"D\u00eda de los Derechos Humanos\"}]},{\"@type\":\"WebSite\",\"@id\":\"https:\\\/\\\/www.redpiso.es\\\/news\\\/#website\",\"url\":\"https:\\\/\\\/www.redpiso.es\\\/news\\\/\",\"name\":\"REDPISO NEWS\",\"description\":\"Noticias, consejos y eventos del mercado inmobiliario\",\"potentialAction\":[{\"@type\":\"SearchAction\",\"target\":{\"@type\":\"EntryPoint\",\"urlTemplate\":\"https:\\\/\\\/www.redpiso.es\\\/news\\\/?s={search_term_string}\"},\"query-input\":{\"@type\":\"PropertyValueSpecification\",\"valueRequired\":true,\"valueName\":\"search_term_string\"}}],\"inLanguage\":\"es\"},{\"@type\":\"Person\",\"@id\":\"https:\\\/\\\/www.redpiso.es\\\/news\\\/#\\\/schema\\\/person\\\/0ad3883162edbf20f2699afd0aaecb48\",\"name\":\"REDPISO\",\"image\":{\"@type\":\"ImageObject\",\"inLanguage\":\"es\",\"@id\":\"https:\\\/\\\/secure.gravatar.com\\\/avatar\\\/3ca41dab015579861b3d62a151d6c3ed13d99e5cf208c0ea88faf5122eb8e097?s=96&d=mm&r=g\",\"url\":\"https:\\\/\\\/secure.gravatar.com\\\/avatar\\\/3ca41dab015579861b3d62a151d6c3ed13d99e5cf208c0ea88faf5122eb8e097?s=96&d=mm&r=g\",\"contentUrl\":\"https:\\\/\\\/secure.gravatar.com\\\/avatar\\\/3ca41dab015579861b3d62a151d6c3ed13d99e5cf208c0ea88faf5122eb8e097?s=96&d=mm&r=g\",\"caption\":\"REDPISO\"},\"url\":\"https:\\\/\\\/www.redpiso.es\\\/news\\\/author\\\/luismi-palacios\\\/\"}]}<\/script>\n<!-- \/ Yoast SEO plugin. -->","yoast_head_json":{"title":"D\u00eda de los Derechos Humanos - REDPISO NEWS","description":"El d\u00eda de los Derechos Humanos conmemora a la Declaraci\u00f3n Universal de los Derechos Humanos. En ella se recogen 30 art\u00edculos fundamentales.","robots":{"index":"index","follow":"follow","max-snippet":"max-snippet:-1","max-image-preview":"max-image-preview:large","max-video-preview":"max-video-preview:-1"},"canonical":"https:\/\/www.redpiso.es\/news\/dia-de-los-derechos-humanos\/","og_locale":"es_ES","og_type":"article","og_title":"D\u00eda de los Derechos Humanos - REDPISO NEWS","og_description":"El d\u00eda de los Derechos Humanos conmemora a la Declaraci\u00f3n Universal de los Derechos Humanos. En ella se recogen 30 art\u00edculos fundamentales.","og_url":"https:\/\/www.redpiso.es\/news\/dia-de-los-derechos-humanos\/","og_site_name":"REDPISO NEWS","article_published_time":"2020-12-10T09:51:51+00:00","article_modified_time":"2020-12-10T12:50:43+00:00","og_image":[{"width":812,"height":589,"url":"https:\/\/www.redpiso.es\/news\/wp-content\/uploads\/2020\/12\/derechos-humanos.jpg","type":"image\/jpeg"}],"author":"REDPISO","twitter_card":"summary_large_image","twitter_misc":{"Escrito por":"REDPISO","Tiempo de lectura":"2 minutos"},"schema":{"@context":"https:\/\/schema.org","@graph":[{"@type":"Article","@id":"https:\/\/www.redpiso.es\/news\/dia-de-los-derechos-humanos\/#article","isPartOf":{"@id":"https:\/\/www.redpiso.es\/news\/dia-de-los-derechos-humanos\/"},"author":{"name":"REDPISO","@id":"https:\/\/www.redpiso.es\/news\/#\/schema\/person\/0ad3883162edbf20f2699afd0aaecb48"},"headline":"D\u00eda de los Derechos Humanos","datePublished":"2020-12-10T09:51:51+00:00","dateModified":"2020-12-10T12:50:43+00:00","mainEntityOfPage":{"@id":"https:\/\/www.redpiso.es\/news\/dia-de-los-derechos-humanos\/"},"wordCount":396,"commentCount":0,"image":{"@id":"https:\/\/www.redpiso.es\/news\/dia-de-los-derechos-humanos\/#primaryimage"},"thumbnailUrl":"https:\/\/www.redpiso.es\/news\/wp-content\/uploads\/2020\/12\/derechos-humanos.jpg","keywords":["Declaraci\u00f3n Universal de los Derechos Humanos","Derechos Humanos","D\u00eda de los Derechos Humanos","ONU"],"articleSection":["General"],"inLanguage":"es","potentialAction":[{"@type":"CommentAction","name":"Comment","target":["https:\/\/www.redpiso.es\/news\/dia-de-los-derechos-humanos\/#respond"]}]},{"@type":"WebPage","@id":"https:\/\/www.redpiso.es\/news\/dia-de-los-derechos-humanos\/","url":"https:\/\/www.redpiso.es\/news\/dia-de-los-derechos-humanos\/","name":"D\u00eda de los Derechos Humanos - REDPISO NEWS","isPartOf":{"@id":"https:\/\/www.redpiso.es\/news\/#website"},"primaryImageOfPage":{"@id":"https:\/\/www.redpiso.es\/news\/dia-de-los-derechos-humanos\/#primaryimage"},"image":{"@id":"https:\/\/www.redpiso.es\/news\/dia-de-los-derechos-humanos\/#primaryimage"},"thumbnailUrl":"https:\/\/www.redpiso.es\/news\/wp-content\/uploads\/2020\/12\/derechos-humanos.jpg","datePublished":"2020-12-10T09:51:51+00:00","dateModified":"2020-12-10T12:50:43+00:00","author":{"@id":"https:\/\/www.redpiso.es\/news\/#\/schema\/person\/0ad3883162edbf20f2699afd0aaecb48"},"description":"El d\u00eda de los Derechos Humanos conmemora a la Declaraci\u00f3n Universal de los Derechos Humanos. En ella se recogen 30 art\u00edculos fundamentales.","breadcrumb":{"@id":"https:\/\/www.redpiso.es\/news\/dia-de-los-derechos-humanos\/#breadcrumb"},"inLanguage":"es","potentialAction":[{"@type":"ReadAction","target":["https:\/\/www.redpiso.es\/news\/dia-de-los-derechos-humanos\/"]}]},{"@type":"ImageObject","inLanguage":"es","@id":"https:\/\/www.redpiso.es\/news\/dia-de-los-derechos-humanos\/#primaryimage","url":"https:\/\/www.redpiso.es\/news\/wp-content\/uploads\/2020\/12\/derechos-humanos.jpg","contentUrl":"https:\/\/www.redpiso.es\/news\/wp-content\/uploads\/2020\/12\/derechos-humanos.jpg","width":812,"height":589,"caption":"Declaraci\u00f3n Universal de los Derechos Humanos"},{"@type":"BreadcrumbList","@id":"https:\/\/www.redpiso.es\/news\/dia-de-los-derechos-humanos\/#breadcrumb","itemListElement":[{"@type":"ListItem","position":1,"name":"Portada","item":"https:\/\/www.redpiso.es\/news\/"},{"@type":"ListItem","position":2,"name":"D\u00eda de los Derechos Humanos"}]},{"@type":"WebSite","@id":"https:\/\/www.redpiso.es\/news\/#website","url":"https:\/\/www.redpiso.es\/news\/","name":"REDPISO NEWS","description":"Noticias, consejos y eventos del mercado inmobiliario","potentialAction":[{"@type":"SearchAction","target":{"@type":"EntryPoint","urlTemplate":"https:\/\/www.redpiso.es\/news\/?s={search_term_string}"},"query-input":{"@type":"PropertyValueSpecification","valueRequired":true,"valueName":"search_term_string"}}],"inLanguage":"es"},{"@type":"Person","@id":"https:\/\/www.redpiso.es\/news\/#\/schema\/person\/0ad3883162edbf20f2699afd0aaecb48","name":"REDPISO","image":{"@type":"ImageObject","inLanguage":"es","@id":"https:\/\/secure.gravatar.com\/avatar\/3ca41dab015579861b3d62a151d6c3ed13d99e5cf208c0ea88faf5122eb8e097?s=96&d=mm&r=g","url":"https:\/\/secure.gravatar.com\/avatar\/3ca41dab015579861b3d62a151d6c3ed13d99e5cf208c0ea88faf5122eb8e097?s=96&d=mm&r=g","contentUrl":"https:\/\/secure.gravatar.com\/avatar\/3ca41dab015579861b3d62a151d6c3ed13d99e5cf208c0ea88faf5122eb8e097?s=96&d=mm&r=g","caption":"REDPISO"},"url":"https:\/\/www.redpiso.es\/news\/author\/luismi-palacios\/"}]}},"_links":{"self":[{"href":"https:\/\/www.redpiso.es\/news\/wp-json\/wp\/v2\/posts\/6928","targetHints":{"allow":["GET"]}}],"collection":[{"href":"https:\/\/www.redpiso.es\/news\/wp-json\/wp\/v2\/posts"}],"about":[{"href":"https:\/\/www.redpiso.es\/news\/wp-json\/wp\/v2\/types\/post"}],"author":[{"embeddable":true,"href":"https:\/\/www.redpiso.es\/news\/wp-json\/wp\/v2\/users\/2"}],"replies":[{"embeddable":true,"href":"https:\/\/www.redpiso.es\/news\/wp-json\/wp\/v2\/comments?post=6928"}],"version-history":[{"count":6,"href":"https:\/\/www.redpiso.es\/news\/wp-json\/wp\/v2\/posts\/6928\/revisions"}],"predecessor-version":[{"id":6936,"href":"https:\/\/www.redpiso.es\/news\/wp-json\/wp\/v2\/posts\/6928\/revisions\/6936"}],"wp:featuredmedia":[{"embeddable":true,"href":"https:\/\/www.redpiso.es\/news\/wp-json\/wp\/v2\/media\/6929"}],"wp:attachment":[{"href":"https:\/\/www.redpiso.es\/news\/wp-json\/wp\/v2\/media?parent=6928"}],"wp:term":[{"taxonomy":"category","embeddable":true,"href":"https:\/\/www.redpiso.es\/news\/wp-json\/wp\/v2\/categories?post=6928"},{"taxonomy":"post_tag","embeddable":true,"href":"https:\/\/www.redpiso.es\/news\/wp-json\/wp\/v2\/tags?post=6928"}],"curies":[{"name":"wp","href":"https:\/\/api.w.org\/{rel}","templated":true}]}}