{"id":6118,"date":"2020-06-18T10:43:53","date_gmt":"2020-06-18T10:43:53","guid":{"rendered":"https:\/\/www.redpiso.es\/news\/?p=6118"},"modified":"2020-06-18T10:45:24","modified_gmt":"2020-06-18T10:45:24","slug":"grinon-reparte-mascarillas-reutilizables-entre-sus-vecinos","status":"publish","type":"post","link":"https:\/\/www.redpiso.es\/news\/grinon-reparte-mascarillas-reutilizables-entre-sus-vecinos\/","title":{"rendered":"Gri\u00f1\u00f3n reparte mascarillas reutilizables entre sus vecinos"},"content":{"rendered":"<p style=\"text-align: justify;\">El Ayuntamiento de Gri\u00f1\u00f3n reparte entre los vecinos mascarillas reutilizables con el escudo del municipio y la bandera de Espa\u00f1a, a la que se ha a\u00f1adido un cresp\u00f3n negro en recuerdo de los fallecidos por coronavirus. La entrega se lleva a cabo en los propios domicilios desde hace aproximadamente un mes, despu\u00e9s de que el Gobierno central decidiera, despu\u00e9s de dos meses, que sea obligatorio su uso.<\/p>\n<p style=\"text-align: justify;\">\u201cEste fin de semana comenzaremos el reparto que nos llevar\u00e1 varios d\u00edas debido a la complejidad del reparto, al ir casa por casa para hacer la entrega en mano. Cada vecino de Gri\u00f1\u00f3n tendr\u00e1 su mascarilla\u201d, dijo el alcalde, Jos\u00e9 Mar\u00eda Porras. El primer edil de Gri\u00f1\u00f3n ha explicado que se trata, adem\u00e1s, de mascarillas reutilizables. Son similares a una FFP2, \u201ccon una eficacia en filtraci\u00f3n de aerosoles y part\u00edculas superior al 95% y, sobre todo un dato que ha sido decisivo, una durabilidad de 25 lavados\u201d, ha remarcado Porras, destacando que a partir de entonces \u201csu uso empieza a perder propiedades\u201d. El alcalde incide en que se trata de un producto reglamentado el 15 de abril, a trav\u00e9s de la normativa UNE 0065 2020. Y que ha sido testado por el laboratorio OEKO TEX.<\/p>\n<p style=\"text-align: justify;\">Adem\u00e1s, estas mascarillas reutilizables est\u00e1n tejidas en Barcelona y su manufactura en Vigo. Son de diversos tama\u00f1os, en funci\u00f3n de la edad. Por lo que se han encargado desde el Ayuntamiento de Gri\u00f1\u00f3n, mascarillas de 4 a 6 a\u00f1os, de 6 a 9, de 9 a 12 y para adultos.<\/p>\n<p>Fuente: <a href=\"https:\/\/alcabodelacalle.es\/grinon-repartira-mascarillas-reutilizables\" target=\"_blank\" rel=\"noopener noreferrer\">al cabo de la calle.es<\/a>.<\/p>\n","protected":false},"excerpt":{"rendered":"<p>El Ayuntamiento de Gri\u00f1\u00f3n reparte entre los vecinos mascarillas reutilizables con el escudo del municipio y la bandera de Espa\u00f1a, a la que se ha a\u00f1adido un cresp\u00f3n negro en recuerdo de los fallecidos por coronavirus. La entrega se lleva a cabo en los propios domicilios desde hace aproximadamente un mes, despu\u00e9s de que el Gobierno central decidiera, despu\u00e9s de [&hellip;]<\/p>\n","protected":false},"author":2,"featured_media":4889,"comment_status":"open","ping_status":"open","sticky":false,"template":"","format":"standard","meta":{"footnotes":""},"categories":[1],"tags":[567,455,753],"class_list":["post-6118","post","type-post","status-publish","format-standard","has-post-thumbnail","hentry","category-general","tag-covid-19","tag-grinon","tag-mascarillas"],"yoast_head":"<!-- This site is optimized with the Yoast SEO plugin v27.3 - https:\/\/yoast.com\/product\/yoast-seo-wordpress\/ -->\n<title>Gri\u00f1\u00f3n reparte mascarillas reutilizables entre sus vecinos - REDPISO NEWS<\/title>\n<meta name=\"description\" content=\"El Ayuntamiento de Gri\u00f1\u00f3n reparte entre los vecinos mascarillas reutilizables con el escudo del municipio y la bandera de Espa\u00f1a.\" \/>\n<meta name=\"robots\" content=\"index, follow, max-snippet:-1, max-image-preview:large, max-video-preview:-1\" \/>\n<link rel=\"canonical\" href=\"https:\/\/www.redpiso.es\/news\/grinon-reparte-mascarillas-reutilizables-entre-sus-vecinos\/\" \/>\n<meta property=\"og:locale\" content=\"es_ES\" \/>\n<meta property=\"og:type\" content=\"article\" \/>\n<meta property=\"og:title\" content=\"Gri\u00f1\u00f3n reparte mascarillas reutilizables entre sus vecinos - REDPISO NEWS\" \/>\n<meta property=\"og:description\" content=\"El Ayuntamiento de Gri\u00f1\u00f3n reparte entre los vecinos mascarillas reutilizables con el escudo del municipio y la bandera de Espa\u00f1a.\" \/>\n<meta property=\"og:url\" content=\"https:\/\/www.redpiso.es\/news\/grinon-reparte-mascarillas-reutilizables-entre-sus-vecinos\/\" \/>\n<meta property=\"og:site_name\" content=\"REDPISO NEWS\" \/>\n<meta property=\"article:published_time\" content=\"2020-06-18T10:43:53+00:00\" \/>\n<meta property=\"article:modified_time\" content=\"2020-06-18T10:45:24+00:00\" \/>\n<meta property=\"og:image\" content=\"https:\/\/www.redpiso.es\/news\/wp-content\/uploads\/2020\/01\/2020-01-07-Motivos-para-vivir-en-Gri\u00f1\u00f3n-1.jpg\" \/>\n\t<meta property=\"og:image:width\" content=\"1440\" \/>\n\t<meta property=\"og:image:height\" content=\"810\" \/>\n\t<meta property=\"og:image:type\" content=\"image\/jpeg\" \/>\n<meta name=\"author\" content=\"REDPISO\" \/>\n<meta name=\"twitter:card\" content=\"summary_large_image\" \/>\n<meta name=\"twitter:label1\" content=\"Escrito por\" \/>\n\t<meta name=\"twitter:data1\" content=\"REDPISO\" \/>\n\t<meta name=\"twitter:label2\" content=\"Tiempo de lectura\" \/>\n\t<meta name=\"twitter:data2\" content=\"1 minuto\" \/>\n<script type=\"application\/ld+json\" class=\"yoast-schema-graph\">{\"@context\":\"https:\\\/\\\/schema.org\",\"@graph\":[{\"@type\":\"Article\",\"@id\":\"https:\\\/\\\/www.redpiso.es\\\/news\\\/grinon-reparte-mascarillas-reutilizables-entre-sus-vecinos\\\/#article\",\"isPartOf\":{\"@id\":\"https:\\\/\\\/www.redpiso.es\\\/news\\\/grinon-reparte-mascarillas-reutilizables-entre-sus-vecinos\\\/\"},\"author\":{\"name\":\"REDPISO\",\"@id\":\"https:\\\/\\\/www.redpiso.es\\\/news\\\/#\\\/schema\\\/person\\\/0ad3883162edbf20f2699afd0aaecb48\"},\"headline\":\"Gri\u00f1\u00f3n reparte mascarillas reutilizables entre sus vecinos\",\"datePublished\":\"2020-06-18T10:43:53+00:00\",\"dateModified\":\"2020-06-18T10:45:24+00:00\",\"mainEntityOfPage\":{\"@id\":\"https:\\\/\\\/www.redpiso.es\\\/news\\\/grinon-reparte-mascarillas-reutilizables-entre-sus-vecinos\\\/\"},\"wordCount\":276,\"commentCount\":0,\"image\":{\"@id\":\"https:\\\/\\\/www.redpiso.es\\\/news\\\/grinon-reparte-mascarillas-reutilizables-entre-sus-vecinos\\\/#primaryimage\"},\"thumbnailUrl\":\"https:\\\/\\\/www.redpiso.es\\\/news\\\/wp-content\\\/uploads\\\/2020\\\/01\\\/2020-01-07-Motivos-para-vivir-en-Gri\u00f1\u00f3n-1.jpg\",\"keywords\":[\"Covid-19\",\"Gri\u00f1\u00f3n\",\"mascarillas\"],\"articleSection\":[\"General\"],\"inLanguage\":\"es\",\"potentialAction\":[{\"@type\":\"CommentAction\",\"name\":\"Comment\",\"target\":[\"https:\\\/\\\/www.redpiso.es\\\/news\\\/grinon-reparte-mascarillas-reutilizables-entre-sus-vecinos\\\/#respond\"]}]},{\"@type\":\"WebPage\",\"@id\":\"https:\\\/\\\/www.redpiso.es\\\/news\\\/grinon-reparte-mascarillas-reutilizables-entre-sus-vecinos\\\/\",\"url\":\"https:\\\/\\\/www.redpiso.es\\\/news\\\/grinon-reparte-mascarillas-reutilizables-entre-sus-vecinos\\\/\",\"name\":\"Gri\u00f1\u00f3n reparte mascarillas reutilizables entre sus vecinos - REDPISO NEWS\",\"isPartOf\":{\"@id\":\"https:\\\/\\\/www.redpiso.es\\\/news\\\/#website\"},\"primaryImageOfPage\":{\"@id\":\"https:\\\/\\\/www.redpiso.es\\\/news\\\/grinon-reparte-mascarillas-reutilizables-entre-sus-vecinos\\\/#primaryimage\"},\"image\":{\"@id\":\"https:\\\/\\\/www.redpiso.es\\\/news\\\/grinon-reparte-mascarillas-reutilizables-entre-sus-vecinos\\\/#primaryimage\"},\"thumbnailUrl\":\"https:\\\/\\\/www.redpiso.es\\\/news\\\/wp-content\\\/uploads\\\/2020\\\/01\\\/2020-01-07-Motivos-para-vivir-en-Gri\u00f1\u00f3n-1.jpg\",\"datePublished\":\"2020-06-18T10:43:53+00:00\",\"dateModified\":\"2020-06-18T10:45:24+00:00\",\"author\":{\"@id\":\"https:\\\/\\\/www.redpiso.es\\\/news\\\/#\\\/schema\\\/person\\\/0ad3883162edbf20f2699afd0aaecb48\"},\"description\":\"El Ayuntamiento de Gri\u00f1\u00f3n reparte entre los vecinos mascarillas reutilizables con el escudo del municipio y la bandera de Espa\u00f1a.\",\"breadcrumb\":{\"@id\":\"https:\\\/\\\/www.redpiso.es\\\/news\\\/grinon-reparte-mascarillas-reutilizables-entre-sus-vecinos\\\/#breadcrumb\"},\"inLanguage\":\"es\",\"potentialAction\":[{\"@type\":\"ReadAction\",\"target\":[\"https:\\\/\\\/www.redpiso.es\\\/news\\\/grinon-reparte-mascarillas-reutilizables-entre-sus-vecinos\\\/\"]}]},{\"@type\":\"ImageObject\",\"inLanguage\":\"es\",\"@id\":\"https:\\\/\\\/www.redpiso.es\\\/news\\\/grinon-reparte-mascarillas-reutilizables-entre-sus-vecinos\\\/#primaryimage\",\"url\":\"https:\\\/\\\/www.redpiso.es\\\/news\\\/wp-content\\\/uploads\\\/2020\\\/01\\\/2020-01-07-Motivos-para-vivir-en-Gri\u00f1\u00f3n-1.jpg\",\"contentUrl\":\"https:\\\/\\\/www.redpiso.es\\\/news\\\/wp-content\\\/uploads\\\/2020\\\/01\\\/2020-01-07-Motivos-para-vivir-en-Gri\u00f1\u00f3n-1.jpg\",\"width\":1440,\"height\":810},{\"@type\":\"BreadcrumbList\",\"@id\":\"https:\\\/\\\/www.redpiso.es\\\/news\\\/grinon-reparte-mascarillas-reutilizables-entre-sus-vecinos\\\/#breadcrumb\",\"itemListElement\":[{\"@type\":\"ListItem\",\"position\":1,\"name\":\"Portada\",\"item\":\"https:\\\/\\\/www.redpiso.es\\\/news\\\/\"},{\"@type\":\"ListItem\",\"position\":2,\"name\":\"Gri\u00f1\u00f3n reparte mascarillas reutilizables entre sus vecinos\"}]},{\"@type\":\"WebSite\",\"@id\":\"https:\\\/\\\/www.redpiso.es\\\/news\\\/#website\",\"url\":\"https:\\\/\\\/www.redpiso.es\\\/news\\\/\",\"name\":\"REDPISO NEWS\",\"description\":\"Noticias, consejos y eventos del mercado inmobiliario\",\"potentialAction\":[{\"@type\":\"SearchAction\",\"target\":{\"@type\":\"EntryPoint\",\"urlTemplate\":\"https:\\\/\\\/www.redpiso.es\\\/news\\\/?s={search_term_string}\"},\"query-input\":{\"@type\":\"PropertyValueSpecification\",\"valueRequired\":true,\"valueName\":\"search_term_string\"}}],\"inLanguage\":\"es\"},{\"@type\":\"Person\",\"@id\":\"https:\\\/\\\/www.redpiso.es\\\/news\\\/#\\\/schema\\\/person\\\/0ad3883162edbf20f2699afd0aaecb48\",\"name\":\"REDPISO\",\"image\":{\"@type\":\"ImageObject\",\"inLanguage\":\"es\",\"@id\":\"https:\\\/\\\/secure.gravatar.com\\\/avatar\\\/3ca41dab015579861b3d62a151d6c3ed13d99e5cf208c0ea88faf5122eb8e097?s=96&d=mm&r=g\",\"url\":\"https:\\\/\\\/secure.gravatar.com\\\/avatar\\\/3ca41dab015579861b3d62a151d6c3ed13d99e5cf208c0ea88faf5122eb8e097?s=96&d=mm&r=g\",\"contentUrl\":\"https:\\\/\\\/secure.gravatar.com\\\/avatar\\\/3ca41dab015579861b3d62a151d6c3ed13d99e5cf208c0ea88faf5122eb8e097?s=96&d=mm&r=g\",\"caption\":\"REDPISO\"},\"url\":\"https:\\\/\\\/www.redpiso.es\\\/news\\\/author\\\/luismi-palacios\\\/\"}]}<\/script>\n<!-- \/ Yoast SEO plugin. -->","yoast_head_json":{"title":"Gri\u00f1\u00f3n reparte mascarillas reutilizables entre sus vecinos - REDPISO NEWS","description":"El Ayuntamiento de Gri\u00f1\u00f3n reparte entre los vecinos mascarillas reutilizables con el escudo del municipio y la bandera de Espa\u00f1a.","robots":{"index":"index","follow":"follow","max-snippet":"max-snippet:-1","max-image-preview":"max-image-preview:large","max-video-preview":"max-video-preview:-1"},"canonical":"https:\/\/www.redpiso.es\/news\/grinon-reparte-mascarillas-reutilizables-entre-sus-vecinos\/","og_locale":"es_ES","og_type":"article","og_title":"Gri\u00f1\u00f3n reparte mascarillas reutilizables entre sus vecinos - REDPISO NEWS","og_description":"El Ayuntamiento de Gri\u00f1\u00f3n reparte entre los vecinos mascarillas reutilizables con el escudo del municipio y la bandera de Espa\u00f1a.","og_url":"https:\/\/www.redpiso.es\/news\/grinon-reparte-mascarillas-reutilizables-entre-sus-vecinos\/","og_site_name":"REDPISO NEWS","article_published_time":"2020-06-18T10:43:53+00:00","article_modified_time":"2020-06-18T10:45:24+00:00","og_image":[{"width":1440,"height":810,"url":"https:\/\/www.redpiso.es\/news\/wp-content\/uploads\/2020\/01\/2020-01-07-Motivos-para-vivir-en-Gri\u00f1\u00f3n-1.jpg","type":"image\/jpeg"}],"author":"REDPISO","twitter_card":"summary_large_image","twitter_misc":{"Escrito por":"REDPISO","Tiempo de lectura":"1 minuto"},"schema":{"@context":"https:\/\/schema.org","@graph":[{"@type":"Article","@id":"https:\/\/www.redpiso.es\/news\/grinon-reparte-mascarillas-reutilizables-entre-sus-vecinos\/#article","isPartOf":{"@id":"https:\/\/www.redpiso.es\/news\/grinon-reparte-mascarillas-reutilizables-entre-sus-vecinos\/"},"author":{"name":"REDPISO","@id":"https:\/\/www.redpiso.es\/news\/#\/schema\/person\/0ad3883162edbf20f2699afd0aaecb48"},"headline":"Gri\u00f1\u00f3n reparte mascarillas reutilizables entre sus vecinos","datePublished":"2020-06-18T10:43:53+00:00","dateModified":"2020-06-18T10:45:24+00:00","mainEntityOfPage":{"@id":"https:\/\/www.redpiso.es\/news\/grinon-reparte-mascarillas-reutilizables-entre-sus-vecinos\/"},"wordCount":276,"commentCount":0,"image":{"@id":"https:\/\/www.redpiso.es\/news\/grinon-reparte-mascarillas-reutilizables-entre-sus-vecinos\/#primaryimage"},"thumbnailUrl":"https:\/\/www.redpiso.es\/news\/wp-content\/uploads\/2020\/01\/2020-01-07-Motivos-para-vivir-en-Gri\u00f1\u00f3n-1.jpg","keywords":["Covid-19","Gri\u00f1\u00f3n","mascarillas"],"articleSection":["General"],"inLanguage":"es","potentialAction":[{"@type":"CommentAction","name":"Comment","target":["https:\/\/www.redpiso.es\/news\/grinon-reparte-mascarillas-reutilizables-entre-sus-vecinos\/#respond"]}]},{"@type":"WebPage","@id":"https:\/\/www.redpiso.es\/news\/grinon-reparte-mascarillas-reutilizables-entre-sus-vecinos\/","url":"https:\/\/www.redpiso.es\/news\/grinon-reparte-mascarillas-reutilizables-entre-sus-vecinos\/","name":"Gri\u00f1\u00f3n reparte mascarillas reutilizables entre sus vecinos - REDPISO NEWS","isPartOf":{"@id":"https:\/\/www.redpiso.es\/news\/#website"},"primaryImageOfPage":{"@id":"https:\/\/www.redpiso.es\/news\/grinon-reparte-mascarillas-reutilizables-entre-sus-vecinos\/#primaryimage"},"image":{"@id":"https:\/\/www.redpiso.es\/news\/grinon-reparte-mascarillas-reutilizables-entre-sus-vecinos\/#primaryimage"},"thumbnailUrl":"https:\/\/www.redpiso.es\/news\/wp-content\/uploads\/2020\/01\/2020-01-07-Motivos-para-vivir-en-Gri\u00f1\u00f3n-1.jpg","datePublished":"2020-06-18T10:43:53+00:00","dateModified":"2020-06-18T10:45:24+00:00","author":{"@id":"https:\/\/www.redpiso.es\/news\/#\/schema\/person\/0ad3883162edbf20f2699afd0aaecb48"},"description":"El Ayuntamiento de Gri\u00f1\u00f3n reparte entre los vecinos mascarillas reutilizables con el escudo del municipio y la bandera de Espa\u00f1a.","breadcrumb":{"@id":"https:\/\/www.redpiso.es\/news\/grinon-reparte-mascarillas-reutilizables-entre-sus-vecinos\/#breadcrumb"},"inLanguage":"es","potentialAction":[{"@type":"ReadAction","target":["https:\/\/www.redpiso.es\/news\/grinon-reparte-mascarillas-reutilizables-entre-sus-vecinos\/"]}]},{"@type":"ImageObject","inLanguage":"es","@id":"https:\/\/www.redpiso.es\/news\/grinon-reparte-mascarillas-reutilizables-entre-sus-vecinos\/#primaryimage","url":"https:\/\/www.redpiso.es\/news\/wp-content\/uploads\/2020\/01\/2020-01-07-Motivos-para-vivir-en-Gri\u00f1\u00f3n-1.jpg","contentUrl":"https:\/\/www.redpiso.es\/news\/wp-content\/uploads\/2020\/01\/2020-01-07-Motivos-para-vivir-en-Gri\u00f1\u00f3n-1.jpg","width":1440,"height":810},{"@type":"BreadcrumbList","@id":"https:\/\/www.redpiso.es\/news\/grinon-reparte-mascarillas-reutilizables-entre-sus-vecinos\/#breadcrumb","itemListElement":[{"@type":"ListItem","position":1,"name":"Portada","item":"https:\/\/www.redpiso.es\/news\/"},{"@type":"ListItem","position":2,"name":"Gri\u00f1\u00f3n reparte mascarillas reutilizables entre sus vecinos"}]},{"@type":"WebSite","@id":"https:\/\/www.redpiso.es\/news\/#website","url":"https:\/\/www.redpiso.es\/news\/","name":"REDPISO NEWS","description":"Noticias, consejos y eventos del mercado inmobiliario","potentialAction":[{"@type":"SearchAction","target":{"@type":"EntryPoint","urlTemplate":"https:\/\/www.redpiso.es\/news\/?s={search_term_string}"},"query-input":{"@type":"PropertyValueSpecification","valueRequired":true,"valueName":"search_term_string"}}],"inLanguage":"es"},{"@type":"Person","@id":"https:\/\/www.redpiso.es\/news\/#\/schema\/person\/0ad3883162edbf20f2699afd0aaecb48","name":"REDPISO","image":{"@type":"ImageObject","inLanguage":"es","@id":"https:\/\/secure.gravatar.com\/avatar\/3ca41dab015579861b3d62a151d6c3ed13d99e5cf208c0ea88faf5122eb8e097?s=96&d=mm&r=g","url":"https:\/\/secure.gravatar.com\/avatar\/3ca41dab015579861b3d62a151d6c3ed13d99e5cf208c0ea88faf5122eb8e097?s=96&d=mm&r=g","contentUrl":"https:\/\/secure.gravatar.com\/avatar\/3ca41dab015579861b3d62a151d6c3ed13d99e5cf208c0ea88faf5122eb8e097?s=96&d=mm&r=g","caption":"REDPISO"},"url":"https:\/\/www.redpiso.es\/news\/author\/luismi-palacios\/"}]}},"_links":{"self":[{"href":"https:\/\/www.redpiso.es\/news\/wp-json\/wp\/v2\/posts\/6118","targetHints":{"allow":["GET"]}}],"collection":[{"href":"https:\/\/www.redpiso.es\/news\/wp-json\/wp\/v2\/posts"}],"about":[{"href":"https:\/\/www.redpiso.es\/news\/wp-json\/wp\/v2\/types\/post"}],"author":[{"embeddable":true,"href":"https:\/\/www.redpiso.es\/news\/wp-json\/wp\/v2\/users\/2"}],"replies":[{"embeddable":true,"href":"https:\/\/www.redpiso.es\/news\/wp-json\/wp\/v2\/comments?post=6118"}],"version-history":[{"count":3,"href":"https:\/\/www.redpiso.es\/news\/wp-json\/wp\/v2\/posts\/6118\/revisions"}],"predecessor-version":[{"id":6121,"href":"https:\/\/www.redpiso.es\/news\/wp-json\/wp\/v2\/posts\/6118\/revisions\/6121"}],"wp:featuredmedia":[{"embeddable":true,"href":"https:\/\/www.redpiso.es\/news\/wp-json\/wp\/v2\/media\/4889"}],"wp:attachment":[{"href":"https:\/\/www.redpiso.es\/news\/wp-json\/wp\/v2\/media?parent=6118"}],"wp:term":[{"taxonomy":"category","embeddable":true,"href":"https:\/\/www.redpiso.es\/news\/wp-json\/wp\/v2\/categories?post=6118"},{"taxonomy":"post_tag","embeddable":true,"href":"https:\/\/www.redpiso.es\/news\/wp-json\/wp\/v2\/tags?post=6118"}],"curies":[{"name":"wp","href":"https:\/\/api.w.org\/{rel}","templated":true}]}}