{"id":5157,"date":"2020-02-07T08:08:46","date_gmt":"2020-02-07T08:08:46","guid":{"rendered":"https:\/\/www.redpiso.es\/news\/?p=5157"},"modified":"2020-02-07T08:11:10","modified_gmt":"2020-02-07T08:11:10","slug":"el-parlament-aprueba-la-polemica-ley-de-vivienda-con-el-sector-inmobiliario-en-contra","status":"publish","type":"post","link":"https:\/\/www.redpiso.es\/news\/el-parlament-aprueba-la-polemica-ley-de-vivienda-con-el-sector-inmobiliario-en-contra\/","title":{"rendered":"El Parlament aprueba la pol\u00e9mica ley de vivienda con el sector inmobiliario en contra"},"content":{"rendered":"<p style=\"text-align: justify;\">El pleno del Parlamento de Catalu\u00f1a ha convalidado el Decreto Ley de vivienda que, <strong>entre otras cosas, obliga a los inversores a ofrecer un alquiler social a los okupas que lleven en la casa seis meses<\/strong> y eleva al 40% el porcentaje de suelo destinado a VPO en las nuevas promociones del \u00c1rea Metropolitana de <a href=\"https:\/\/www.redpiso.es\/news\/cae-la-construccion-de-vivienda-nueva-en-barcelona\/\" target=\"_blank\" rel=\"noopener noreferrer\">Barcelona<\/a>. Se trata de <strong>medidas que el sector privado ha tildado de \u00abdrama\u00bb y \u00abdesprotecci\u00f3n\u00bb para los actores del negocio inmobiliario en toda la comunidad aut\u00f3noma<\/strong>.<\/p>\n<p style=\"text-align: justify;\">Este decreto ley (el Decreto Ley 17\/2019 de 23 de diciembre de medidas urgentes para mejorar el acceso a la vivienda) ha sido aprobado con los votos a favor de JXCat, ERC, Comuns y la CUP, mientras que el PSC se ha abstenido y Ciudadanos y el PP han votado en contra.<\/p>\n<p style=\"text-align: justify;\">La normativa ya convalidada en el Parlamento (Decreto Ley 17\/2019 de 23 de diciembre) establece una medida que traer\u00e1 mucha pol\u00e9mica: obligar a los inversores a ofrecer alquileres sociales a okupas que hayan ocupado una vivienda vac\u00eda (adquirida tras una ejecuci\u00f3n hipotecaria) si los mismos demuestran que estaban ocupando la vivienda desde antes del 30 de junio de 2019 (6 meses). Y los grandes arrendadores (bancos o fondos) no se salvar\u00e1n aunque hayan interpuesto la correspondiente denuncia por okupaci\u00f3n ilegal en el juzgado.<\/p>\n<p style=\"text-align: justify;\"><strong>Expropiaci\u00f3n de la propiedad<\/strong><\/p>\n<p style=\"text-align: justify;\">Hasta ahora, la expropiaci\u00f3n forzosa temporal de una vivienda vac\u00eda pod\u00eda ser frenada en el caso de que los inversores hubieran denunciado ante un juez la okupaci\u00f3n de sus inmuebles, ahora los tribunales no servir\u00e1n para evitar esa cesi\u00f3n a la Generalitat de las viviendas para que vivan los okupas. La nueva normativa afectar\u00e1 a bancos y fondos de inversi\u00f3n con decenas de viviendas a ceder sus propiedades para los okupas cuando est\u00e9n vac\u00edas sin causa justificada.<\/p>\n<p style=\"text-align: justify;\"><img loading=\"lazy\" decoding=\"async\" class=\"alignnone size-full wp-image-5160\" src=\"https:\/\/www.redpiso.es\/news\/wp-content\/uploads\/2020\/02\/2020-02-07-El-Parlament-aprueba-la-pol\u00e9mica-ley-de-vivienda-con-el-sector-inmobiliario-en-contra-2.jpg\" alt=\"\" width=\"2508\" height=\"1672\" \/><\/p>\n<p style=\"text-align: justify;\">Adem\u00e1s, esta regulaci\u00f3n trata fundamentalmente de incrementar el parque de vivienda protegida y la oferta de viviendas en r\u00e9gimen de alquiler. En concreto se refuerzan las herramientas para sacar al mercado las viviendas vac\u00edas (que ser\u00e1n aquellas que permanezcan desocupadas de forma permanente y sin causa justificada por un periodo de m\u00e1s de dos a\u00f1os), a la gesti\u00f3n de las situaciones de emergencia social, a la calificaci\u00f3n de viviendas con protecci\u00f3n oficial y a la moderaci\u00f3n de los precios del alquiler de las viviendas libres.<\/p>\n<p style=\"text-align: justify;\">Por ejemplo, a partir de ahora cuando un terreno cambie de uso para poder desarrollar viviendas sobre \u00e9l (pasando de terciario a residencial, por ejemplo), se deber\u00e1 reservar como m\u00ednimo un 40% para vivienda asequible (antes era el 30%). Este cambio tambi\u00e9n impactar\u00e1 en solares no urbanizables que quieran pasar a urbanizables, debiendo incorporar tambi\u00e9n un 40% de reserva para VPO.<\/p>\n<p style=\"text-align: justify;\"><strong>M\u00e1s oferta de alquiler y control de la renta<\/strong><\/p>\n<p style=\"text-align: justify;\">El decreto ley contempla un \u00edndice de referencia de precios de alquiler de viviendas y obliga al arrendador a comunicarlo al inquilino antes de firmar el contrato de arrendamiento y que conste en dicho contrato. En caso de incumplimiento el propietario puede acarrear multas de hasta 9.000 euros.<\/p>\n<p style=\"text-align: justify;\">El decreto ley contempla medidas para activar y generar m\u00e1s suelo destinado a vivienda de protecci\u00f3n oficial:<\/p>\n<p style=\"text-align: justify;\">Los solares vac\u00edos de titularidad municipal destinados a construir viviendas de protecci\u00f3n oficial se podr\u00e1n movilizar gradualmente: Se incorporan mecanismos que implican, de inicio, elaborar un inventario (en un plazo de un a\u00f1o) del patrimonio p\u00fablico de suelo y vivienda y tambi\u00e9n elaborar, en el plazo de 2 a\u00f1os, un programa de actuaci\u00f3n concertada para poner a disposici\u00f3n de la ciudadan\u00eda viviendas de protecci\u00f3n oficial en r\u00e9gimen de alquiler.<\/p>\n<p style=\"text-align: justify;\"><img loading=\"lazy\" decoding=\"async\" class=\"alignnone size-full wp-image-5161\" src=\"https:\/\/www.redpiso.es\/news\/wp-content\/uploads\/2020\/02\/2020-02-07-El-Parlament-aprueba-la-pol\u00e9mica-ley-de-vivienda-con-el-sector-inmobiliario-en-contra-3.jpg\" alt=\"\" width=\"2766\" height=\"1517\" \/><\/p>\n<p style=\"text-align: justify;\"><strong>El sector inmobiliario, en contra<\/strong><\/p>\n<p style=\"text-align: justify;\">La Asociaci\u00f3n de Promotores de Catalu\u00f1a valora negativamente este Decreto Ley, ya que considera que <strong>tendr\u00e1 efectos totalmente contrarios a los pretendidos<\/strong>, reduciendo el parque actual en alquiler, e impidiendo que se construya uno nuevo, al mismo tiempo que endurecer\u00e1 la selecci\u00f3n y valoraci\u00f3n de los posibles arrendatarios\u201d.<\/p>\n<p style=\"text-align: justify;\">Seg\u00fan explica Carlos Smerdou, consejero delegado de Foro Consultores, \u201cno es buena la soluci\u00f3n de controlar el mercado porque puede producir el efecto contrario. La seguridad jur\u00eddica y econ\u00f3mica es fundamental para ambas partes. Si se genera desequilibrio en una de ellas, en este caso el arrendador, estos para mantener su estructura empresarial y hacer frente a los costes que le puede generar, lo trasladar\u00e1n al precio o reducir\u00e1n su oferta en el mercado. Ante lo cual, el efecto ser\u00e1 contrario al deseado. Son las Administraciones las que deben propiciar el aumento de vivienda en alquiler a precios competitivos. Reservar y dar salida al suelo municipal para vivienda social\u201d.<\/p>\n<p style=\"text-align: justify;\">Para Juan Antonio G\u00f3mez-Pintado, presidente de Asociaci\u00f3n de Promotores y Constructores de Espa\u00f1a (APCE) y la asociaci\u00f3n madrile\u00f1a (Asprima), \u201clamentablemente la Generalitat aprob\u00f3 un decreto absolutamente pernicioso, y creo que anticonstitucional, y desde la asociaci\u00f3n maniobraremos para defender la no legalidad de este decreto ley\u201d.<\/p>\n<p>&nbsp;<\/p>\n<p>Art\u00edculo completo: <a href=\"https:\/\/www.idealista.com\/news\/inmobiliario\/vivienda\/2020\/02\/05\/779803-aprobada-en-el-parlamento-la-polemica-ley-de-vivienda-en-cataluna-con-el\" target=\"_blank\" rel=\"noopener noreferrer\">idealista.com<\/a><\/p>\n","protected":false},"excerpt":{"rendered":"<p>El pleno del Parlamento de Catalu\u00f1a ha convalidado el Decreto Ley de vivienda que, entre otras cosas, obliga a los inversores a ofrecer un alquiler social a los okupas que lleven en la casa seis meses y eleva al 40% el porcentaje de suelo destinado a VPO en las nuevas promociones del \u00c1rea Metropolitana de Barcelona. Se trata de medidas [&hellip;]<\/p>\n","protected":false},"author":2,"featured_media":5159,"comment_status":"open","ping_status":"open","sticky":false,"template":"","format":"standard","meta":{"footnotes":""},"categories":[158],"tags":[88,506,8],"class_list":["post-5157","post","type-post","status-publish","format-standard","has-post-thumbnail","hentry","category-barcelona","tag-cataluna","tag-ley-inmobiliaria","tag-vivienda"],"yoast_head":"<!-- This site is optimized with the Yoast SEO plugin v27.3 - https:\/\/yoast.com\/product\/yoast-seo-wordpress\/ -->\n<title>El Parlament aprueba la pol\u00e9mica ley de vivienda con el sector inmobiliario en contra - REDPISO NEWS<\/title>\n<meta name=\"description\" content=\"El Parlament de Catalu\u00f1a ha convalidado el Decreto Ley de vivienda que, entre otras cosas, obliga a los inversores a ofrecer un alquiler social a los okupas\" \/>\n<meta name=\"robots\" content=\"index, follow, max-snippet:-1, max-image-preview:large, max-video-preview:-1\" \/>\n<link rel=\"canonical\" href=\"https:\/\/www.redpiso.es\/news\/el-parlament-aprueba-la-polemica-ley-de-vivienda-con-el-sector-inmobiliario-en-contra\/\" \/>\n<meta property=\"og:locale\" content=\"es_ES\" \/>\n<meta property=\"og:type\" content=\"article\" \/>\n<meta property=\"og:title\" content=\"El Parlament aprueba la pol\u00e9mica ley de vivienda con el sector inmobiliario en contra - REDPISO NEWS\" \/>\n<meta property=\"og:description\" content=\"El Parlament de Catalu\u00f1a ha convalidado el Decreto Ley de vivienda que, entre otras cosas, obliga a los inversores a ofrecer un alquiler social a los okupas\" \/>\n<meta property=\"og:url\" content=\"https:\/\/www.redpiso.es\/news\/el-parlament-aprueba-la-polemica-ley-de-vivienda-con-el-sector-inmobiliario-en-contra\/\" \/>\n<meta property=\"og:site_name\" content=\"REDPISO NEWS\" \/>\n<meta property=\"article:published_time\" content=\"2020-02-07T08:08:46+00:00\" \/>\n<meta property=\"article:modified_time\" content=\"2020-02-07T08:11:10+00:00\" \/>\n<meta property=\"og:image\" content=\"https:\/\/www.redpiso.es\/news\/wp-content\/uploads\/2020\/02\/2020-02-07-El-Parlament-aprueba-la-pol\u00e9mica-ley-de-vivienda-con-el-sector-inmobiliario-en-contra-1.jpg\" \/>\n\t<meta property=\"og:image:width\" content=\"2508\" \/>\n\t<meta property=\"og:image:height\" content=\"1672\" \/>\n\t<meta property=\"og:image:type\" content=\"image\/jpeg\" \/>\n<meta name=\"author\" content=\"REDPISO\" \/>\n<meta name=\"twitter:card\" content=\"summary_large_image\" \/>\n<meta name=\"twitter:label1\" content=\"Escrito por\" \/>\n\t<meta name=\"twitter:data1\" content=\"REDPISO\" \/>\n\t<meta name=\"twitter:label2\" content=\"Tiempo de lectura\" \/>\n\t<meta name=\"twitter:data2\" content=\"4 minutos\" \/>\n<script type=\"application\/ld+json\" class=\"yoast-schema-graph\">{\"@context\":\"https:\\\/\\\/schema.org\",\"@graph\":[{\"@type\":\"Article\",\"@id\":\"https:\\\/\\\/www.redpiso.es\\\/news\\\/el-parlament-aprueba-la-polemica-ley-de-vivienda-con-el-sector-inmobiliario-en-contra\\\/#article\",\"isPartOf\":{\"@id\":\"https:\\\/\\\/www.redpiso.es\\\/news\\\/el-parlament-aprueba-la-polemica-ley-de-vivienda-con-el-sector-inmobiliario-en-contra\\\/\"},\"author\":{\"name\":\"REDPISO\",\"@id\":\"https:\\\/\\\/www.redpiso.es\\\/news\\\/#\\\/schema\\\/person\\\/0ad3883162edbf20f2699afd0aaecb48\"},\"headline\":\"El Parlament aprueba la pol\u00e9mica ley de vivienda con el sector inmobiliario en contra\",\"datePublished\":\"2020-02-07T08:08:46+00:00\",\"dateModified\":\"2020-02-07T08:11:10+00:00\",\"mainEntityOfPage\":{\"@id\":\"https:\\\/\\\/www.redpiso.es\\\/news\\\/el-parlament-aprueba-la-polemica-ley-de-vivienda-con-el-sector-inmobiliario-en-contra\\\/\"},\"wordCount\":864,\"commentCount\":0,\"image\":{\"@id\":\"https:\\\/\\\/www.redpiso.es\\\/news\\\/el-parlament-aprueba-la-polemica-ley-de-vivienda-con-el-sector-inmobiliario-en-contra\\\/#primaryimage\"},\"thumbnailUrl\":\"https:\\\/\\\/www.redpiso.es\\\/news\\\/wp-content\\\/uploads\\\/2020\\\/02\\\/2020-02-07-El-Parlament-aprueba-la-pol\u00e9mica-ley-de-vivienda-con-el-sector-inmobiliario-en-contra-1.jpg\",\"keywords\":[\"catalu\u00f1a\",\"ley inmobiliaria\",\"vivienda\"],\"articleSection\":[\"Barcelona\"],\"inLanguage\":\"es\",\"potentialAction\":[{\"@type\":\"CommentAction\",\"name\":\"Comment\",\"target\":[\"https:\\\/\\\/www.redpiso.es\\\/news\\\/el-parlament-aprueba-la-polemica-ley-de-vivienda-con-el-sector-inmobiliario-en-contra\\\/#respond\"]}]},{\"@type\":\"WebPage\",\"@id\":\"https:\\\/\\\/www.redpiso.es\\\/news\\\/el-parlament-aprueba-la-polemica-ley-de-vivienda-con-el-sector-inmobiliario-en-contra\\\/\",\"url\":\"https:\\\/\\\/www.redpiso.es\\\/news\\\/el-parlament-aprueba-la-polemica-ley-de-vivienda-con-el-sector-inmobiliario-en-contra\\\/\",\"name\":\"El Parlament aprueba la pol\u00e9mica ley de vivienda con el sector inmobiliario en contra - REDPISO NEWS\",\"isPartOf\":{\"@id\":\"https:\\\/\\\/www.redpiso.es\\\/news\\\/#website\"},\"primaryImageOfPage\":{\"@id\":\"https:\\\/\\\/www.redpiso.es\\\/news\\\/el-parlament-aprueba-la-polemica-ley-de-vivienda-con-el-sector-inmobiliario-en-contra\\\/#primaryimage\"},\"image\":{\"@id\":\"https:\\\/\\\/www.redpiso.es\\\/news\\\/el-parlament-aprueba-la-polemica-ley-de-vivienda-con-el-sector-inmobiliario-en-contra\\\/#primaryimage\"},\"thumbnailUrl\":\"https:\\\/\\\/www.redpiso.es\\\/news\\\/wp-content\\\/uploads\\\/2020\\\/02\\\/2020-02-07-El-Parlament-aprueba-la-pol\u00e9mica-ley-de-vivienda-con-el-sector-inmobiliario-en-contra-1.jpg\",\"datePublished\":\"2020-02-07T08:08:46+00:00\",\"dateModified\":\"2020-02-07T08:11:10+00:00\",\"author\":{\"@id\":\"https:\\\/\\\/www.redpiso.es\\\/news\\\/#\\\/schema\\\/person\\\/0ad3883162edbf20f2699afd0aaecb48\"},\"description\":\"El Parlament de Catalu\u00f1a ha convalidado el Decreto Ley de vivienda que, entre otras cosas, obliga a los inversores a ofrecer un alquiler social a los okupas\",\"breadcrumb\":{\"@id\":\"https:\\\/\\\/www.redpiso.es\\\/news\\\/el-parlament-aprueba-la-polemica-ley-de-vivienda-con-el-sector-inmobiliario-en-contra\\\/#breadcrumb\"},\"inLanguage\":\"es\",\"potentialAction\":[{\"@type\":\"ReadAction\",\"target\":[\"https:\\\/\\\/www.redpiso.es\\\/news\\\/el-parlament-aprueba-la-polemica-ley-de-vivienda-con-el-sector-inmobiliario-en-contra\\\/\"]}]},{\"@type\":\"ImageObject\",\"inLanguage\":\"es\",\"@id\":\"https:\\\/\\\/www.redpiso.es\\\/news\\\/el-parlament-aprueba-la-polemica-ley-de-vivienda-con-el-sector-inmobiliario-en-contra\\\/#primaryimage\",\"url\":\"https:\\\/\\\/www.redpiso.es\\\/news\\\/wp-content\\\/uploads\\\/2020\\\/02\\\/2020-02-07-El-Parlament-aprueba-la-pol\u00e9mica-ley-de-vivienda-con-el-sector-inmobiliario-en-contra-1.jpg\",\"contentUrl\":\"https:\\\/\\\/www.redpiso.es\\\/news\\\/wp-content\\\/uploads\\\/2020\\\/02\\\/2020-02-07-El-Parlament-aprueba-la-pol\u00e9mica-ley-de-vivienda-con-el-sector-inmobiliario-en-contra-1.jpg\",\"width\":2508,\"height\":1672},{\"@type\":\"BreadcrumbList\",\"@id\":\"https:\\\/\\\/www.redpiso.es\\\/news\\\/el-parlament-aprueba-la-polemica-ley-de-vivienda-con-el-sector-inmobiliario-en-contra\\\/#breadcrumb\",\"itemListElement\":[{\"@type\":\"ListItem\",\"position\":1,\"name\":\"Portada\",\"item\":\"https:\\\/\\\/www.redpiso.es\\\/news\\\/\"},{\"@type\":\"ListItem\",\"position\":2,\"name\":\"El Parlament aprueba la pol\u00e9mica ley de vivienda con el sector inmobiliario en contra\"}]},{\"@type\":\"WebSite\",\"@id\":\"https:\\\/\\\/www.redpiso.es\\\/news\\\/#website\",\"url\":\"https:\\\/\\\/www.redpiso.es\\\/news\\\/\",\"name\":\"REDPISO NEWS\",\"description\":\"Noticias, consejos y eventos del mercado inmobiliario\",\"potentialAction\":[{\"@type\":\"SearchAction\",\"target\":{\"@type\":\"EntryPoint\",\"urlTemplate\":\"https:\\\/\\\/www.redpiso.es\\\/news\\\/?s={search_term_string}\"},\"query-input\":{\"@type\":\"PropertyValueSpecification\",\"valueRequired\":true,\"valueName\":\"search_term_string\"}}],\"inLanguage\":\"es\"},{\"@type\":\"Person\",\"@id\":\"https:\\\/\\\/www.redpiso.es\\\/news\\\/#\\\/schema\\\/person\\\/0ad3883162edbf20f2699afd0aaecb48\",\"name\":\"REDPISO\",\"image\":{\"@type\":\"ImageObject\",\"inLanguage\":\"es\",\"@id\":\"https:\\\/\\\/secure.gravatar.com\\\/avatar\\\/3ca41dab015579861b3d62a151d6c3ed13d99e5cf208c0ea88faf5122eb8e097?s=96&d=mm&r=g\",\"url\":\"https:\\\/\\\/secure.gravatar.com\\\/avatar\\\/3ca41dab015579861b3d62a151d6c3ed13d99e5cf208c0ea88faf5122eb8e097?s=96&d=mm&r=g\",\"contentUrl\":\"https:\\\/\\\/secure.gravatar.com\\\/avatar\\\/3ca41dab015579861b3d62a151d6c3ed13d99e5cf208c0ea88faf5122eb8e097?s=96&d=mm&r=g\",\"caption\":\"REDPISO\"},\"url\":\"https:\\\/\\\/www.redpiso.es\\\/news\\\/author\\\/luismi-palacios\\\/\"}]}<\/script>\n<!-- \/ Yoast SEO plugin. -->","yoast_head_json":{"title":"El Parlament aprueba la pol\u00e9mica ley de vivienda con el sector inmobiliario en contra - REDPISO NEWS","description":"El Parlament de Catalu\u00f1a ha convalidado el Decreto Ley de vivienda que, entre otras cosas, obliga a los inversores a ofrecer un alquiler social a los okupas","robots":{"index":"index","follow":"follow","max-snippet":"max-snippet:-1","max-image-preview":"max-image-preview:large","max-video-preview":"max-video-preview:-1"},"canonical":"https:\/\/www.redpiso.es\/news\/el-parlament-aprueba-la-polemica-ley-de-vivienda-con-el-sector-inmobiliario-en-contra\/","og_locale":"es_ES","og_type":"article","og_title":"El Parlament aprueba la pol\u00e9mica ley de vivienda con el sector inmobiliario en contra - REDPISO NEWS","og_description":"El Parlament de Catalu\u00f1a ha convalidado el Decreto Ley de vivienda que, entre otras cosas, obliga a los inversores a ofrecer un alquiler social a los okupas","og_url":"https:\/\/www.redpiso.es\/news\/el-parlament-aprueba-la-polemica-ley-de-vivienda-con-el-sector-inmobiliario-en-contra\/","og_site_name":"REDPISO NEWS","article_published_time":"2020-02-07T08:08:46+00:00","article_modified_time":"2020-02-07T08:11:10+00:00","og_image":[{"width":2508,"height":1672,"url":"https:\/\/www.redpiso.es\/news\/wp-content\/uploads\/2020\/02\/2020-02-07-El-Parlament-aprueba-la-pol\u00e9mica-ley-de-vivienda-con-el-sector-inmobiliario-en-contra-1.jpg","type":"image\/jpeg"}],"author":"REDPISO","twitter_card":"summary_large_image","twitter_misc":{"Escrito por":"REDPISO","Tiempo de lectura":"4 minutos"},"schema":{"@context":"https:\/\/schema.org","@graph":[{"@type":"Article","@id":"https:\/\/www.redpiso.es\/news\/el-parlament-aprueba-la-polemica-ley-de-vivienda-con-el-sector-inmobiliario-en-contra\/#article","isPartOf":{"@id":"https:\/\/www.redpiso.es\/news\/el-parlament-aprueba-la-polemica-ley-de-vivienda-con-el-sector-inmobiliario-en-contra\/"},"author":{"name":"REDPISO","@id":"https:\/\/www.redpiso.es\/news\/#\/schema\/person\/0ad3883162edbf20f2699afd0aaecb48"},"headline":"El Parlament aprueba la pol\u00e9mica ley de vivienda con el sector inmobiliario en contra","datePublished":"2020-02-07T08:08:46+00:00","dateModified":"2020-02-07T08:11:10+00:00","mainEntityOfPage":{"@id":"https:\/\/www.redpiso.es\/news\/el-parlament-aprueba-la-polemica-ley-de-vivienda-con-el-sector-inmobiliario-en-contra\/"},"wordCount":864,"commentCount":0,"image":{"@id":"https:\/\/www.redpiso.es\/news\/el-parlament-aprueba-la-polemica-ley-de-vivienda-con-el-sector-inmobiliario-en-contra\/#primaryimage"},"thumbnailUrl":"https:\/\/www.redpiso.es\/news\/wp-content\/uploads\/2020\/02\/2020-02-07-El-Parlament-aprueba-la-pol\u00e9mica-ley-de-vivienda-con-el-sector-inmobiliario-en-contra-1.jpg","keywords":["catalu\u00f1a","ley inmobiliaria","vivienda"],"articleSection":["Barcelona"],"inLanguage":"es","potentialAction":[{"@type":"CommentAction","name":"Comment","target":["https:\/\/www.redpiso.es\/news\/el-parlament-aprueba-la-polemica-ley-de-vivienda-con-el-sector-inmobiliario-en-contra\/#respond"]}]},{"@type":"WebPage","@id":"https:\/\/www.redpiso.es\/news\/el-parlament-aprueba-la-polemica-ley-de-vivienda-con-el-sector-inmobiliario-en-contra\/","url":"https:\/\/www.redpiso.es\/news\/el-parlament-aprueba-la-polemica-ley-de-vivienda-con-el-sector-inmobiliario-en-contra\/","name":"El Parlament aprueba la pol\u00e9mica ley de vivienda con el sector inmobiliario en contra - REDPISO NEWS","isPartOf":{"@id":"https:\/\/www.redpiso.es\/news\/#website"},"primaryImageOfPage":{"@id":"https:\/\/www.redpiso.es\/news\/el-parlament-aprueba-la-polemica-ley-de-vivienda-con-el-sector-inmobiliario-en-contra\/#primaryimage"},"image":{"@id":"https:\/\/www.redpiso.es\/news\/el-parlament-aprueba-la-polemica-ley-de-vivienda-con-el-sector-inmobiliario-en-contra\/#primaryimage"},"thumbnailUrl":"https:\/\/www.redpiso.es\/news\/wp-content\/uploads\/2020\/02\/2020-02-07-El-Parlament-aprueba-la-pol\u00e9mica-ley-de-vivienda-con-el-sector-inmobiliario-en-contra-1.jpg","datePublished":"2020-02-07T08:08:46+00:00","dateModified":"2020-02-07T08:11:10+00:00","author":{"@id":"https:\/\/www.redpiso.es\/news\/#\/schema\/person\/0ad3883162edbf20f2699afd0aaecb48"},"description":"El Parlament de Catalu\u00f1a ha convalidado el Decreto Ley de vivienda que, entre otras cosas, obliga a los inversores a ofrecer un alquiler social a los okupas","breadcrumb":{"@id":"https:\/\/www.redpiso.es\/news\/el-parlament-aprueba-la-polemica-ley-de-vivienda-con-el-sector-inmobiliario-en-contra\/#breadcrumb"},"inLanguage":"es","potentialAction":[{"@type":"ReadAction","target":["https:\/\/www.redpiso.es\/news\/el-parlament-aprueba-la-polemica-ley-de-vivienda-con-el-sector-inmobiliario-en-contra\/"]}]},{"@type":"ImageObject","inLanguage":"es","@id":"https:\/\/www.redpiso.es\/news\/el-parlament-aprueba-la-polemica-ley-de-vivienda-con-el-sector-inmobiliario-en-contra\/#primaryimage","url":"https:\/\/www.redpiso.es\/news\/wp-content\/uploads\/2020\/02\/2020-02-07-El-Parlament-aprueba-la-pol\u00e9mica-ley-de-vivienda-con-el-sector-inmobiliario-en-contra-1.jpg","contentUrl":"https:\/\/www.redpiso.es\/news\/wp-content\/uploads\/2020\/02\/2020-02-07-El-Parlament-aprueba-la-pol\u00e9mica-ley-de-vivienda-con-el-sector-inmobiliario-en-contra-1.jpg","width":2508,"height":1672},{"@type":"BreadcrumbList","@id":"https:\/\/www.redpiso.es\/news\/el-parlament-aprueba-la-polemica-ley-de-vivienda-con-el-sector-inmobiliario-en-contra\/#breadcrumb","itemListElement":[{"@type":"ListItem","position":1,"name":"Portada","item":"https:\/\/www.redpiso.es\/news\/"},{"@type":"ListItem","position":2,"name":"El Parlament aprueba la pol\u00e9mica ley de vivienda con el sector inmobiliario en contra"}]},{"@type":"WebSite","@id":"https:\/\/www.redpiso.es\/news\/#website","url":"https:\/\/www.redpiso.es\/news\/","name":"REDPISO NEWS","description":"Noticias, consejos y eventos del mercado inmobiliario","potentialAction":[{"@type":"SearchAction","target":{"@type":"EntryPoint","urlTemplate":"https:\/\/www.redpiso.es\/news\/?s={search_term_string}"},"query-input":{"@type":"PropertyValueSpecification","valueRequired":true,"valueName":"search_term_string"}}],"inLanguage":"es"},{"@type":"Person","@id":"https:\/\/www.redpiso.es\/news\/#\/schema\/person\/0ad3883162edbf20f2699afd0aaecb48","name":"REDPISO","image":{"@type":"ImageObject","inLanguage":"es","@id":"https:\/\/secure.gravatar.com\/avatar\/3ca41dab015579861b3d62a151d6c3ed13d99e5cf208c0ea88faf5122eb8e097?s=96&d=mm&r=g","url":"https:\/\/secure.gravatar.com\/avatar\/3ca41dab015579861b3d62a151d6c3ed13d99e5cf208c0ea88faf5122eb8e097?s=96&d=mm&r=g","contentUrl":"https:\/\/secure.gravatar.com\/avatar\/3ca41dab015579861b3d62a151d6c3ed13d99e5cf208c0ea88faf5122eb8e097?s=96&d=mm&r=g","caption":"REDPISO"},"url":"https:\/\/www.redpiso.es\/news\/author\/luismi-palacios\/"}]}},"_links":{"self":[{"href":"https:\/\/www.redpiso.es\/news\/wp-json\/wp\/v2\/posts\/5157","targetHints":{"allow":["GET"]}}],"collection":[{"href":"https:\/\/www.redpiso.es\/news\/wp-json\/wp\/v2\/posts"}],"about":[{"href":"https:\/\/www.redpiso.es\/news\/wp-json\/wp\/v2\/types\/post"}],"author":[{"embeddable":true,"href":"https:\/\/www.redpiso.es\/news\/wp-json\/wp\/v2\/users\/2"}],"replies":[{"embeddable":true,"href":"https:\/\/www.redpiso.es\/news\/wp-json\/wp\/v2\/comments?post=5157"}],"version-history":[{"count":4,"href":"https:\/\/www.redpiso.es\/news\/wp-json\/wp\/v2\/posts\/5157\/revisions"}],"predecessor-version":[{"id":5164,"href":"https:\/\/www.redpiso.es\/news\/wp-json\/wp\/v2\/posts\/5157\/revisions\/5164"}],"wp:featuredmedia":[{"embeddable":true,"href":"https:\/\/www.redpiso.es\/news\/wp-json\/wp\/v2\/media\/5159"}],"wp:attachment":[{"href":"https:\/\/www.redpiso.es\/news\/wp-json\/wp\/v2\/media?parent=5157"}],"wp:term":[{"taxonomy":"category","embeddable":true,"href":"https:\/\/www.redpiso.es\/news\/wp-json\/wp\/v2\/categories?post=5157"},{"taxonomy":"post_tag","embeddable":true,"href":"https:\/\/www.redpiso.es\/news\/wp-json\/wp\/v2\/tags?post=5157"}],"curies":[{"name":"wp","href":"https:\/\/api.w.org\/{rel}","templated":true}]}}