{"id":507,"date":"2016-07-28T11:21:18","date_gmt":"2016-07-28T11:21:18","guid":{"rendered":"http:\/\/www.redpiso.es\/news\/?p=507"},"modified":"2016-07-19T10:51:29","modified_gmt":"2016-07-19T10:51:29","slug":"los-precios-las-viviendas-empiezan-recuperarse-espana","status":"publish","type":"post","link":"https:\/\/www.redpiso.es\/news\/los-precios-las-viviendas-empiezan-recuperarse-espana\/","title":{"rendered":"Los precios en las viviendas empiezan a recuperarse en Espa\u00f1a"},"content":{"rendered":"<p>La <strong><em>recuperaci\u00f3n en el precio de las viviendas<\/em><\/strong> permite apreciar la recuperaci\u00f3n que se est\u00e1 produciendo en el sector inmobiliario despu\u00e9s de la crisis. Aunque no todas las Comunidades Aut\u00f3nomas han crecido por igual, y no todas han elevado sus precios, se puede ver que algunas tienden hacia la <strong><em>recuperaci\u00f3n y normalizaci\u00f3n econ\u00f3mica<\/em><\/strong>.<\/p>\n<p>As\u00ed mismo, la comunidad que m\u00e1s ha elevado sus precios ha sido Catalu\u00f1a con un 1,3%, seguida de la Comunidad de Madrid con un 0,6% de encarecimiento. Las Islas Baleares han experimentado un -0,4% y las Islas Canarias un -1,6%.<\/p>\n<p>Castilla-La Mancha ha evolucionado con un -2,2%, Murcia con un -3% y Pa\u00eds vasco con un -3,7%. Castilla y Le\u00f3n ha sufrido un -4,1%, Galicia un -4,2%, Arag\u00f3n un -4,8%, <a href=\"http:\/\/www.redpiso.es\/listado\/sevilla\/viviendas\/\">Andaluc\u00eda<\/a> un -5%, Extremadura un -5,4%, la <a href=\"http:\/\/www.redpiso.es\/listado\/valencia\/viviendas\/\">Comunidad Valenciana<\/a> un -5,8%, el Principado de Asturias un -6,8%, Cantabria un -8,6% y Navarra un -11,7%.<\/p>\n<p>Con esto, se puede observar que no todo el territorio crece por igual y que a\u00fan queda mucho tiempo para que todos los territorios se estabilicen. Por el momento, las comunidades m\u00e1s impulsoras y ricas han empezado su recuperaci\u00f3n situ\u00e1ndose con valores por encima de 0 y, en ocasiones, de 1. Esto quiere decir que la fase de <strong><em>recuperaci\u00f3n en el sector inmobiliario<\/em><\/strong> est\u00e1 llegando a Espa\u00f1a.<\/p>\n","protected":false},"excerpt":{"rendered":"<p>La recuperaci\u00f3n en el precio de las viviendas permite apreciar la recuperaci\u00f3n que se est\u00e1 produciendo en el sector inmobiliario despu\u00e9s de la crisis. Aunque no todas las Comunidades Aut\u00f3nomas han crecido por igual, y no todas han elevado sus precios, se puede ver que algunas tienden hacia la recuperaci\u00f3n y normalizaci\u00f3n econ\u00f3mica. As\u00ed mismo, la comunidad que m\u00e1s ha [&hellip;]<\/p>\n","protected":false},"author":1,"featured_media":481,"comment_status":"closed","ping_status":"closed","sticky":false,"template":"","format":"standard","meta":{"footnotes":""},"categories":[1],"tags":[],"class_list":["post-507","post","type-post","status-publish","format-standard","has-post-thumbnail","hentry","category-general"],"yoast_head":"<!-- This site is optimized with the Yoast SEO plugin v27.3 - https:\/\/yoast.com\/product\/yoast-seo-wordpress\/ -->\n<title>Los precios en las viviendas empiezan a recuperarse en Espa\u00f1a - REDPISO NEWS<\/title>\n<meta name=\"description\" content=\"Los precios en las viviendas empiezan a recuperarse en Espa\u00f1a pero no todas las comunidades crecen por igual.\" \/>\n<meta name=\"robots\" content=\"index, follow, max-snippet:-1, max-image-preview:large, max-video-preview:-1\" \/>\n<link rel=\"canonical\" href=\"https:\/\/www.redpiso.es\/news\/los-precios-las-viviendas-empiezan-recuperarse-espana\/\" \/>\n<meta property=\"og:locale\" content=\"es_ES\" \/>\n<meta property=\"og:type\" content=\"article\" \/>\n<meta property=\"og:title\" content=\"Los precios en las viviendas empiezan a recuperarse en Espa\u00f1a - REDPISO NEWS\" \/>\n<meta property=\"og:description\" content=\"Los precios en las viviendas empiezan a recuperarse en Espa\u00f1a pero no todas las comunidades crecen por igual.\" \/>\n<meta property=\"og:url\" content=\"https:\/\/www.redpiso.es\/news\/los-precios-las-viviendas-empiezan-recuperarse-espana\/\" \/>\n<meta property=\"og:site_name\" content=\"REDPISO NEWS\" \/>\n<meta property=\"article:published_time\" content=\"2016-07-28T11:21:18+00:00\" \/>\n<meta property=\"og:image\" content=\"https:\/\/www.redpiso.es\/news\/wp-content\/uploads\/2016\/07\/Imagen-1-ALT-recuperacio\u0301n-viviendas.jpg\" \/>\n\t<meta property=\"og:image:width\" content=\"480\" \/>\n\t<meta property=\"og:image:height\" content=\"200\" \/>\n\t<meta property=\"og:image:type\" content=\"image\/jpeg\" \/>\n<meta name=\"author\" content=\"REDPISO NEWS\" \/>\n<meta name=\"twitter:card\" content=\"summary_large_image\" \/>\n<meta name=\"twitter:label1\" content=\"Escrito por\" \/>\n\t<meta name=\"twitter:data1\" content=\"REDPISO NEWS\" \/>\n\t<meta name=\"twitter:label2\" content=\"Tiempo de lectura\" \/>\n\t<meta name=\"twitter:data2\" content=\"1 minuto\" \/>\n<script type=\"application\/ld+json\" class=\"yoast-schema-graph\">{\"@context\":\"https:\\\/\\\/schema.org\",\"@graph\":[{\"@type\":\"Article\",\"@id\":\"https:\\\/\\\/www.redpiso.es\\\/news\\\/los-precios-las-viviendas-empiezan-recuperarse-espana\\\/#article\",\"isPartOf\":{\"@id\":\"https:\\\/\\\/www.redpiso.es\\\/news\\\/los-precios-las-viviendas-empiezan-recuperarse-espana\\\/\"},\"author\":{\"name\":\"REDPISO NEWS\",\"@id\":\"https:\\\/\\\/www.redpiso.es\\\/news\\\/#\\\/schema\\\/person\\\/fbfb79a583eef8420922e59e21ef3616\"},\"headline\":\"Los precios en las viviendas empiezan a recuperarse en Espa\u00f1a\",\"datePublished\":\"2016-07-28T11:21:18+00:00\",\"mainEntityOfPage\":{\"@id\":\"https:\\\/\\\/www.redpiso.es\\\/news\\\/los-precios-las-viviendas-empiezan-recuperarse-espana\\\/\"},\"wordCount\":240,\"image\":{\"@id\":\"https:\\\/\\\/www.redpiso.es\\\/news\\\/los-precios-las-viviendas-empiezan-recuperarse-espana\\\/#primaryimage\"},\"thumbnailUrl\":\"https:\\\/\\\/www.redpiso.es\\\/news\\\/wp-content\\\/uploads\\\/2016\\\/07\\\/Imagen-1-ALT-recuperacio\u0301n-viviendas.jpg\",\"articleSection\":[\"General\"],\"inLanguage\":\"es\"},{\"@type\":\"WebPage\",\"@id\":\"https:\\\/\\\/www.redpiso.es\\\/news\\\/los-precios-las-viviendas-empiezan-recuperarse-espana\\\/\",\"url\":\"https:\\\/\\\/www.redpiso.es\\\/news\\\/los-precios-las-viviendas-empiezan-recuperarse-espana\\\/\",\"name\":\"Los precios en las viviendas empiezan a recuperarse en Espa\u00f1a - REDPISO NEWS\",\"isPartOf\":{\"@id\":\"https:\\\/\\\/www.redpiso.es\\\/news\\\/#website\"},\"primaryImageOfPage\":{\"@id\":\"https:\\\/\\\/www.redpiso.es\\\/news\\\/los-precios-las-viviendas-empiezan-recuperarse-espana\\\/#primaryimage\"},\"image\":{\"@id\":\"https:\\\/\\\/www.redpiso.es\\\/news\\\/los-precios-las-viviendas-empiezan-recuperarse-espana\\\/#primaryimage\"},\"thumbnailUrl\":\"https:\\\/\\\/www.redpiso.es\\\/news\\\/wp-content\\\/uploads\\\/2016\\\/07\\\/Imagen-1-ALT-recuperacio\u0301n-viviendas.jpg\",\"datePublished\":\"2016-07-28T11:21:18+00:00\",\"author\":{\"@id\":\"https:\\\/\\\/www.redpiso.es\\\/news\\\/#\\\/schema\\\/person\\\/fbfb79a583eef8420922e59e21ef3616\"},\"description\":\"Los precios en las viviendas empiezan a recuperarse en Espa\u00f1a pero no todas las comunidades crecen por igual.\",\"breadcrumb\":{\"@id\":\"https:\\\/\\\/www.redpiso.es\\\/news\\\/los-precios-las-viviendas-empiezan-recuperarse-espana\\\/#breadcrumb\"},\"inLanguage\":\"es\",\"potentialAction\":[{\"@type\":\"ReadAction\",\"target\":[\"https:\\\/\\\/www.redpiso.es\\\/news\\\/los-precios-las-viviendas-empiezan-recuperarse-espana\\\/\"]}]},{\"@type\":\"ImageObject\",\"inLanguage\":\"es\",\"@id\":\"https:\\\/\\\/www.redpiso.es\\\/news\\\/los-precios-las-viviendas-empiezan-recuperarse-espana\\\/#primaryimage\",\"url\":\"https:\\\/\\\/www.redpiso.es\\\/news\\\/wp-content\\\/uploads\\\/2016\\\/07\\\/Imagen-1-ALT-recuperacio\u0301n-viviendas.jpg\",\"contentUrl\":\"https:\\\/\\\/www.redpiso.es\\\/news\\\/wp-content\\\/uploads\\\/2016\\\/07\\\/Imagen-1-ALT-recuperacio\u0301n-viviendas.jpg\",\"width\":480,\"height\":200,\"caption\":\"recuperacio\u0301n viviendas\"},{\"@type\":\"BreadcrumbList\",\"@id\":\"https:\\\/\\\/www.redpiso.es\\\/news\\\/los-precios-las-viviendas-empiezan-recuperarse-espana\\\/#breadcrumb\",\"itemListElement\":[{\"@type\":\"ListItem\",\"position\":1,\"name\":\"Portada\",\"item\":\"https:\\\/\\\/www.redpiso.es\\\/news\\\/\"},{\"@type\":\"ListItem\",\"position\":2,\"name\":\"Los precios en las viviendas empiezan a recuperarse en Espa\u00f1a\"}]},{\"@type\":\"WebSite\",\"@id\":\"https:\\\/\\\/www.redpiso.es\\\/news\\\/#website\",\"url\":\"https:\\\/\\\/www.redpiso.es\\\/news\\\/\",\"name\":\"REDPISO NEWS\",\"description\":\"Noticias, consejos y eventos del mercado inmobiliario\",\"potentialAction\":[{\"@type\":\"SearchAction\",\"target\":{\"@type\":\"EntryPoint\",\"urlTemplate\":\"https:\\\/\\\/www.redpiso.es\\\/news\\\/?s={search_term_string}\"},\"query-input\":{\"@type\":\"PropertyValueSpecification\",\"valueRequired\":true,\"valueName\":\"search_term_string\"}}],\"inLanguage\":\"es\"},{\"@type\":\"Person\",\"@id\":\"https:\\\/\\\/www.redpiso.es\\\/news\\\/#\\\/schema\\\/person\\\/fbfb79a583eef8420922e59e21ef3616\",\"name\":\"REDPISO NEWS\",\"image\":{\"@type\":\"ImageObject\",\"inLanguage\":\"es\",\"@id\":\"https:\\\/\\\/secure.gravatar.com\\\/avatar\\\/0d0d30bf4088455d18140a89a2b03d64feb180ccf13e3885b8e64fa88e129699?s=96&d=mm&r=g\",\"url\":\"https:\\\/\\\/secure.gravatar.com\\\/avatar\\\/0d0d30bf4088455d18140a89a2b03d64feb180ccf13e3885b8e64fa88e129699?s=96&d=mm&r=g\",\"contentUrl\":\"https:\\\/\\\/secure.gravatar.com\\\/avatar\\\/0d0d30bf4088455d18140a89a2b03d64feb180ccf13e3885b8e64fa88e129699?s=96&d=mm&r=g\",\"caption\":\"REDPISO NEWS\"},\"url\":\"https:\\\/\\\/www.redpiso.es\\\/news\\\/author\\\/admin\\\/\"}]}<\/script>\n<!-- \/ Yoast SEO plugin. -->","yoast_head_json":{"title":"Los precios en las viviendas empiezan a recuperarse en Espa\u00f1a - REDPISO NEWS","description":"Los precios en las viviendas empiezan a recuperarse en Espa\u00f1a pero no todas las comunidades crecen por igual.","robots":{"index":"index","follow":"follow","max-snippet":"max-snippet:-1","max-image-preview":"max-image-preview:large","max-video-preview":"max-video-preview:-1"},"canonical":"https:\/\/www.redpiso.es\/news\/los-precios-las-viviendas-empiezan-recuperarse-espana\/","og_locale":"es_ES","og_type":"article","og_title":"Los precios en las viviendas empiezan a recuperarse en Espa\u00f1a - REDPISO NEWS","og_description":"Los precios en las viviendas empiezan a recuperarse en Espa\u00f1a pero no todas las comunidades crecen por igual.","og_url":"https:\/\/www.redpiso.es\/news\/los-precios-las-viviendas-empiezan-recuperarse-espana\/","og_site_name":"REDPISO NEWS","article_published_time":"2016-07-28T11:21:18+00:00","og_image":[{"width":480,"height":200,"url":"https:\/\/www.redpiso.es\/news\/wp-content\/uploads\/2016\/07\/Imagen-1-ALT-recuperacio\u0301n-viviendas.jpg","type":"image\/jpeg"}],"author":"REDPISO NEWS","twitter_card":"summary_large_image","twitter_misc":{"Escrito por":"REDPISO NEWS","Tiempo de lectura":"1 minuto"},"schema":{"@context":"https:\/\/schema.org","@graph":[{"@type":"Article","@id":"https:\/\/www.redpiso.es\/news\/los-precios-las-viviendas-empiezan-recuperarse-espana\/#article","isPartOf":{"@id":"https:\/\/www.redpiso.es\/news\/los-precios-las-viviendas-empiezan-recuperarse-espana\/"},"author":{"name":"REDPISO NEWS","@id":"https:\/\/www.redpiso.es\/news\/#\/schema\/person\/fbfb79a583eef8420922e59e21ef3616"},"headline":"Los precios en las viviendas empiezan a recuperarse en Espa\u00f1a","datePublished":"2016-07-28T11:21:18+00:00","mainEntityOfPage":{"@id":"https:\/\/www.redpiso.es\/news\/los-precios-las-viviendas-empiezan-recuperarse-espana\/"},"wordCount":240,"image":{"@id":"https:\/\/www.redpiso.es\/news\/los-precios-las-viviendas-empiezan-recuperarse-espana\/#primaryimage"},"thumbnailUrl":"https:\/\/www.redpiso.es\/news\/wp-content\/uploads\/2016\/07\/Imagen-1-ALT-recuperacio\u0301n-viviendas.jpg","articleSection":["General"],"inLanguage":"es"},{"@type":"WebPage","@id":"https:\/\/www.redpiso.es\/news\/los-precios-las-viviendas-empiezan-recuperarse-espana\/","url":"https:\/\/www.redpiso.es\/news\/los-precios-las-viviendas-empiezan-recuperarse-espana\/","name":"Los precios en las viviendas empiezan a recuperarse en Espa\u00f1a - REDPISO NEWS","isPartOf":{"@id":"https:\/\/www.redpiso.es\/news\/#website"},"primaryImageOfPage":{"@id":"https:\/\/www.redpiso.es\/news\/los-precios-las-viviendas-empiezan-recuperarse-espana\/#primaryimage"},"image":{"@id":"https:\/\/www.redpiso.es\/news\/los-precios-las-viviendas-empiezan-recuperarse-espana\/#primaryimage"},"thumbnailUrl":"https:\/\/www.redpiso.es\/news\/wp-content\/uploads\/2016\/07\/Imagen-1-ALT-recuperacio\u0301n-viviendas.jpg","datePublished":"2016-07-28T11:21:18+00:00","author":{"@id":"https:\/\/www.redpiso.es\/news\/#\/schema\/person\/fbfb79a583eef8420922e59e21ef3616"},"description":"Los precios en las viviendas empiezan a recuperarse en Espa\u00f1a pero no todas las comunidades crecen por igual.","breadcrumb":{"@id":"https:\/\/www.redpiso.es\/news\/los-precios-las-viviendas-empiezan-recuperarse-espana\/#breadcrumb"},"inLanguage":"es","potentialAction":[{"@type":"ReadAction","target":["https:\/\/www.redpiso.es\/news\/los-precios-las-viviendas-empiezan-recuperarse-espana\/"]}]},{"@type":"ImageObject","inLanguage":"es","@id":"https:\/\/www.redpiso.es\/news\/los-precios-las-viviendas-empiezan-recuperarse-espana\/#primaryimage","url":"https:\/\/www.redpiso.es\/news\/wp-content\/uploads\/2016\/07\/Imagen-1-ALT-recuperacio\u0301n-viviendas.jpg","contentUrl":"https:\/\/www.redpiso.es\/news\/wp-content\/uploads\/2016\/07\/Imagen-1-ALT-recuperacio\u0301n-viviendas.jpg","width":480,"height":200,"caption":"recuperacio\u0301n viviendas"},{"@type":"BreadcrumbList","@id":"https:\/\/www.redpiso.es\/news\/los-precios-las-viviendas-empiezan-recuperarse-espana\/#breadcrumb","itemListElement":[{"@type":"ListItem","position":1,"name":"Portada","item":"https:\/\/www.redpiso.es\/news\/"},{"@type":"ListItem","position":2,"name":"Los precios en las viviendas empiezan a recuperarse en Espa\u00f1a"}]},{"@type":"WebSite","@id":"https:\/\/www.redpiso.es\/news\/#website","url":"https:\/\/www.redpiso.es\/news\/","name":"REDPISO NEWS","description":"Noticias, consejos y eventos del mercado inmobiliario","potentialAction":[{"@type":"SearchAction","target":{"@type":"EntryPoint","urlTemplate":"https:\/\/www.redpiso.es\/news\/?s={search_term_string}"},"query-input":{"@type":"PropertyValueSpecification","valueRequired":true,"valueName":"search_term_string"}}],"inLanguage":"es"},{"@type":"Person","@id":"https:\/\/www.redpiso.es\/news\/#\/schema\/person\/fbfb79a583eef8420922e59e21ef3616","name":"REDPISO NEWS","image":{"@type":"ImageObject","inLanguage":"es","@id":"https:\/\/secure.gravatar.com\/avatar\/0d0d30bf4088455d18140a89a2b03d64feb180ccf13e3885b8e64fa88e129699?s=96&d=mm&r=g","url":"https:\/\/secure.gravatar.com\/avatar\/0d0d30bf4088455d18140a89a2b03d64feb180ccf13e3885b8e64fa88e129699?s=96&d=mm&r=g","contentUrl":"https:\/\/secure.gravatar.com\/avatar\/0d0d30bf4088455d18140a89a2b03d64feb180ccf13e3885b8e64fa88e129699?s=96&d=mm&r=g","caption":"REDPISO NEWS"},"url":"https:\/\/www.redpiso.es\/news\/author\/admin\/"}]}},"_links":{"self":[{"href":"https:\/\/www.redpiso.es\/news\/wp-json\/wp\/v2\/posts\/507","targetHints":{"allow":["GET"]}}],"collection":[{"href":"https:\/\/www.redpiso.es\/news\/wp-json\/wp\/v2\/posts"}],"about":[{"href":"https:\/\/www.redpiso.es\/news\/wp-json\/wp\/v2\/types\/post"}],"author":[{"embeddable":true,"href":"https:\/\/www.redpiso.es\/news\/wp-json\/wp\/v2\/users\/1"}],"replies":[{"embeddable":true,"href":"https:\/\/www.redpiso.es\/news\/wp-json\/wp\/v2\/comments?post=507"}],"version-history":[{"count":1,"href":"https:\/\/www.redpiso.es\/news\/wp-json\/wp\/v2\/posts\/507\/revisions"}],"predecessor-version":[{"id":508,"href":"https:\/\/www.redpiso.es\/news\/wp-json\/wp\/v2\/posts\/507\/revisions\/508"}],"wp:featuredmedia":[{"embeddable":true,"href":"https:\/\/www.redpiso.es\/news\/wp-json\/wp\/v2\/media\/481"}],"wp:attachment":[{"href":"https:\/\/www.redpiso.es\/news\/wp-json\/wp\/v2\/media?parent=507"}],"wp:term":[{"taxonomy":"category","embeddable":true,"href":"https:\/\/www.redpiso.es\/news\/wp-json\/wp\/v2\/categories?post=507"},{"taxonomy":"post_tag","embeddable":true,"href":"https:\/\/www.redpiso.es\/news\/wp-json\/wp\/v2\/tags?post=507"}],"curies":[{"name":"wp","href":"https:\/\/api.w.org\/{rel}","templated":true}]}}