{"id":1374,"date":"2017-09-07T18:50:35","date_gmt":"2017-09-07T18:50:35","guid":{"rendered":"https:\/\/www.redpiso.es\/news\/?p=1374"},"modified":"2017-08-31T18:52:55","modified_gmt":"2017-08-31T18:52:55","slug":"se-preve-2018-se-vendan-aun-mas-viviendas","status":"publish","type":"post","link":"https:\/\/www.redpiso.es\/news\/se-preve-2018-se-vendan-aun-mas-viviendas\/","title":{"rendered":"Se prev\u00e9 que en 2018 se vendan a\u00fan m\u00e1s viviendas"},"content":{"rendered":"<p>Tras un largo periodo de subidas en los <strong><em>precios de las viviendas<\/em><\/strong> y en el <strong><em>n\u00famero de compraventas<\/em><\/strong> efectuadas, se prev\u00e9 que el a\u00f1o que viene el n\u00famero de compraventas ascienda considerablemente hasta alcanzar la cifra de 500.000 <strong><em>inmuebles vendidos en Espa\u00f1a<\/em><\/strong>.<\/p>\n<p>Esto se debe a diversas mejoras que se est\u00e1n produciendo y que seguir\u00e1n produci\u00e9ndose en diferentes aspectos como la mejora econ\u00f3mica que se supone que siga aumentando y que se reduzca la tasa de paro. Adem\u00e1s, conseguir financiaci\u00f3n ser\u00e1 m\u00e1s f\u00e1cil y barato, en parte porque el Euribor se seguir\u00e1 manteniendo en negativo. La <strong><em>rentabilidad de los inmuebles<\/em><\/strong> ascender\u00e1, lo que provocar\u00e1 que mucha gente se lance a comprar viviendas para luego alquilarlas y conseguir buenas rentabilidades.<\/p>\n<p>Adem\u00e1s, los precios seguir\u00e1n ascendiendo hasta estabilizarse y esto, junto con el crecimiento de la demanda, har\u00e1 que el <strong><em>sector inmobiliario espa\u00f1ol<\/em><\/strong> vuelva a situarse en \u00edndices como los que se conoc\u00edan antes de la crisis, provocando as\u00ed una mejora de todo el sector. Ya no ser\u00e1 necesario un esfuerzo tan grande para comprar vivienda y los demandantes de alquiler seguir\u00e1n aumentando.<\/p>\n<p>Todo esto har\u00e1 que el a\u00f1o que viene el n\u00famero de viviendas vendidas alcance r\u00e9cords que hac\u00eda mucho que no se ve\u00edan, consiguiendo as\u00ed que vuelva a generarse confianza en el mercado inmobiliario espa\u00f1ol y que la gente se lance a <strong><em>comprar o a alquilar viviendas<\/em><\/strong>.<\/p>\n","protected":false},"excerpt":{"rendered":"<p>Tras un largo periodo de subidas en los precios de las viviendas y en el n\u00famero de compraventas efectuadas, se prev\u00e9 que el a\u00f1o que viene el n\u00famero de compraventas ascienda considerablemente hasta alcanzar la cifra de 500.000 inmuebles vendidos en Espa\u00f1a. Esto se debe a diversas mejoras que se est\u00e1n produciendo y que seguir\u00e1n produci\u00e9ndose en diferentes aspectos como [&hellip;]<\/p>\n","protected":false},"author":1,"featured_media":1354,"comment_status":"closed","ping_status":"closed","sticky":false,"template":"","format":"standard","meta":{"footnotes":""},"categories":[1],"tags":[],"class_list":["post-1374","post","type-post","status-publish","format-standard","has-post-thumbnail","hentry","category-general"],"yoast_head":"<!-- This site is optimized with the Yoast SEO plugin v27.3 - https:\/\/yoast.com\/product\/yoast-seo-wordpress\/ -->\n<title>Se prev\u00e9 que en 2018 se vendan a\u00fan m\u00e1s viviendas - REDPISO NEWS<\/title>\n<meta name=\"description\" content=\"El a\u00f1o que viene el n\u00famero de viviendas que se vendan alcance r\u00e9cords y se lleguen a 500.000\" \/>\n<meta name=\"robots\" content=\"index, follow, max-snippet:-1, max-image-preview:large, max-video-preview:-1\" \/>\n<link rel=\"canonical\" href=\"https:\/\/www.redpiso.es\/news\/se-preve-2018-se-vendan-aun-mas-viviendas\/\" \/>\n<meta property=\"og:locale\" content=\"es_ES\" \/>\n<meta property=\"og:type\" content=\"article\" \/>\n<meta property=\"og:title\" content=\"Se prev\u00e9 que en 2018 se vendan a\u00fan m\u00e1s viviendas - REDPISO NEWS\" \/>\n<meta property=\"og:description\" content=\"El a\u00f1o que viene el n\u00famero de viviendas que se vendan alcance r\u00e9cords y se lleguen a 500.000\" \/>\n<meta property=\"og:url\" content=\"https:\/\/www.redpiso.es\/news\/se-preve-2018-se-vendan-aun-mas-viviendas\/\" \/>\n<meta property=\"og:site_name\" content=\"REDPISO NEWS\" \/>\n<meta property=\"article:published_time\" content=\"2017-09-07T18:50:35+00:00\" \/>\n<meta property=\"og:image\" content=\"https:\/\/www.redpiso.es\/news\/wp-content\/uploads\/2017\/08\/Imagen-1-ALT-re\u0301cord-en-venta-de-viviendas.jpg\" \/>\n\t<meta property=\"og:image:width\" content=\"2508\" \/>\n\t<meta property=\"og:image:height\" content=\"1672\" \/>\n\t<meta property=\"og:image:type\" content=\"image\/jpeg\" \/>\n<meta name=\"author\" content=\"REDPISO NEWS\" \/>\n<meta name=\"twitter:card\" content=\"summary_large_image\" \/>\n<meta name=\"twitter:label1\" content=\"Escrito por\" \/>\n\t<meta name=\"twitter:data1\" content=\"REDPISO NEWS\" \/>\n\t<meta name=\"twitter:label2\" content=\"Tiempo de lectura\" \/>\n\t<meta name=\"twitter:data2\" content=\"1 minuto\" \/>\n<script type=\"application\/ld+json\" class=\"yoast-schema-graph\">{\"@context\":\"https:\\\/\\\/schema.org\",\"@graph\":[{\"@type\":\"Article\",\"@id\":\"https:\\\/\\\/www.redpiso.es\\\/news\\\/se-preve-2018-se-vendan-aun-mas-viviendas\\\/#article\",\"isPartOf\":{\"@id\":\"https:\\\/\\\/www.redpiso.es\\\/news\\\/se-preve-2018-se-vendan-aun-mas-viviendas\\\/\"},\"author\":{\"name\":\"REDPISO NEWS\",\"@id\":\"https:\\\/\\\/www.redpiso.es\\\/news\\\/#\\\/schema\\\/person\\\/fbfb79a583eef8420922e59e21ef3616\"},\"headline\":\"Se prev\u00e9 que en 2018 se vendan a\u00fan m\u00e1s viviendas\",\"datePublished\":\"2017-09-07T18:50:35+00:00\",\"mainEntityOfPage\":{\"@id\":\"https:\\\/\\\/www.redpiso.es\\\/news\\\/se-preve-2018-se-vendan-aun-mas-viviendas\\\/\"},\"wordCount\":260,\"image\":{\"@id\":\"https:\\\/\\\/www.redpiso.es\\\/news\\\/se-preve-2018-se-vendan-aun-mas-viviendas\\\/#primaryimage\"},\"thumbnailUrl\":\"https:\\\/\\\/www.redpiso.es\\\/news\\\/wp-content\\\/uploads\\\/2017\\\/08\\\/Imagen-1-ALT-re\u0301cord-en-venta-de-viviendas.jpg\",\"articleSection\":[\"General\"],\"inLanguage\":\"es\"},{\"@type\":\"WebPage\",\"@id\":\"https:\\\/\\\/www.redpiso.es\\\/news\\\/se-preve-2018-se-vendan-aun-mas-viviendas\\\/\",\"url\":\"https:\\\/\\\/www.redpiso.es\\\/news\\\/se-preve-2018-se-vendan-aun-mas-viviendas\\\/\",\"name\":\"Se prev\u00e9 que en 2018 se vendan a\u00fan m\u00e1s viviendas - REDPISO NEWS\",\"isPartOf\":{\"@id\":\"https:\\\/\\\/www.redpiso.es\\\/news\\\/#website\"},\"primaryImageOfPage\":{\"@id\":\"https:\\\/\\\/www.redpiso.es\\\/news\\\/se-preve-2018-se-vendan-aun-mas-viviendas\\\/#primaryimage\"},\"image\":{\"@id\":\"https:\\\/\\\/www.redpiso.es\\\/news\\\/se-preve-2018-se-vendan-aun-mas-viviendas\\\/#primaryimage\"},\"thumbnailUrl\":\"https:\\\/\\\/www.redpiso.es\\\/news\\\/wp-content\\\/uploads\\\/2017\\\/08\\\/Imagen-1-ALT-re\u0301cord-en-venta-de-viviendas.jpg\",\"datePublished\":\"2017-09-07T18:50:35+00:00\",\"author\":{\"@id\":\"https:\\\/\\\/www.redpiso.es\\\/news\\\/#\\\/schema\\\/person\\\/fbfb79a583eef8420922e59e21ef3616\"},\"description\":\"El a\u00f1o que viene el n\u00famero de viviendas que se vendan alcance r\u00e9cords y se lleguen a 500.000\",\"breadcrumb\":{\"@id\":\"https:\\\/\\\/www.redpiso.es\\\/news\\\/se-preve-2018-se-vendan-aun-mas-viviendas\\\/#breadcrumb\"},\"inLanguage\":\"es\",\"potentialAction\":[{\"@type\":\"ReadAction\",\"target\":[\"https:\\\/\\\/www.redpiso.es\\\/news\\\/se-preve-2018-se-vendan-aun-mas-viviendas\\\/\"]}]},{\"@type\":\"ImageObject\",\"inLanguage\":\"es\",\"@id\":\"https:\\\/\\\/www.redpiso.es\\\/news\\\/se-preve-2018-se-vendan-aun-mas-viviendas\\\/#primaryimage\",\"url\":\"https:\\\/\\\/www.redpiso.es\\\/news\\\/wp-content\\\/uploads\\\/2017\\\/08\\\/Imagen-1-ALT-re\u0301cord-en-venta-de-viviendas.jpg\",\"contentUrl\":\"https:\\\/\\\/www.redpiso.es\\\/news\\\/wp-content\\\/uploads\\\/2017\\\/08\\\/Imagen-1-ALT-re\u0301cord-en-venta-de-viviendas.jpg\",\"width\":2508,\"height\":1672,\"caption\":\"re\u0301cord-en-venta-de-viviendas\"},{\"@type\":\"BreadcrumbList\",\"@id\":\"https:\\\/\\\/www.redpiso.es\\\/news\\\/se-preve-2018-se-vendan-aun-mas-viviendas\\\/#breadcrumb\",\"itemListElement\":[{\"@type\":\"ListItem\",\"position\":1,\"name\":\"Portada\",\"item\":\"https:\\\/\\\/www.redpiso.es\\\/news\\\/\"},{\"@type\":\"ListItem\",\"position\":2,\"name\":\"Se prev\u00e9 que en 2018 se vendan a\u00fan m\u00e1s viviendas\"}]},{\"@type\":\"WebSite\",\"@id\":\"https:\\\/\\\/www.redpiso.es\\\/news\\\/#website\",\"url\":\"https:\\\/\\\/www.redpiso.es\\\/news\\\/\",\"name\":\"REDPISO NEWS\",\"description\":\"Noticias, consejos y eventos del mercado inmobiliario\",\"potentialAction\":[{\"@type\":\"SearchAction\",\"target\":{\"@type\":\"EntryPoint\",\"urlTemplate\":\"https:\\\/\\\/www.redpiso.es\\\/news\\\/?s={search_term_string}\"},\"query-input\":{\"@type\":\"PropertyValueSpecification\",\"valueRequired\":true,\"valueName\":\"search_term_string\"}}],\"inLanguage\":\"es\"},{\"@type\":\"Person\",\"@id\":\"https:\\\/\\\/www.redpiso.es\\\/news\\\/#\\\/schema\\\/person\\\/fbfb79a583eef8420922e59e21ef3616\",\"name\":\"REDPISO NEWS\",\"image\":{\"@type\":\"ImageObject\",\"inLanguage\":\"es\",\"@id\":\"https:\\\/\\\/secure.gravatar.com\\\/avatar\\\/0d0d30bf4088455d18140a89a2b03d64feb180ccf13e3885b8e64fa88e129699?s=96&d=mm&r=g\",\"url\":\"https:\\\/\\\/secure.gravatar.com\\\/avatar\\\/0d0d30bf4088455d18140a89a2b03d64feb180ccf13e3885b8e64fa88e129699?s=96&d=mm&r=g\",\"contentUrl\":\"https:\\\/\\\/secure.gravatar.com\\\/avatar\\\/0d0d30bf4088455d18140a89a2b03d64feb180ccf13e3885b8e64fa88e129699?s=96&d=mm&r=g\",\"caption\":\"REDPISO NEWS\"},\"url\":\"https:\\\/\\\/www.redpiso.es\\\/news\\\/author\\\/admin\\\/\"}]}<\/script>\n<!-- \/ Yoast SEO plugin. -->","yoast_head_json":{"title":"Se prev\u00e9 que en 2018 se vendan a\u00fan m\u00e1s viviendas - REDPISO NEWS","description":"El a\u00f1o que viene el n\u00famero de viviendas que se vendan alcance r\u00e9cords y se lleguen a 500.000","robots":{"index":"index","follow":"follow","max-snippet":"max-snippet:-1","max-image-preview":"max-image-preview:large","max-video-preview":"max-video-preview:-1"},"canonical":"https:\/\/www.redpiso.es\/news\/se-preve-2018-se-vendan-aun-mas-viviendas\/","og_locale":"es_ES","og_type":"article","og_title":"Se prev\u00e9 que en 2018 se vendan a\u00fan m\u00e1s viviendas - REDPISO NEWS","og_description":"El a\u00f1o que viene el n\u00famero de viviendas que se vendan alcance r\u00e9cords y se lleguen a 500.000","og_url":"https:\/\/www.redpiso.es\/news\/se-preve-2018-se-vendan-aun-mas-viviendas\/","og_site_name":"REDPISO NEWS","article_published_time":"2017-09-07T18:50:35+00:00","og_image":[{"width":2508,"height":1672,"url":"https:\/\/www.redpiso.es\/news\/wp-content\/uploads\/2017\/08\/Imagen-1-ALT-re\u0301cord-en-venta-de-viviendas.jpg","type":"image\/jpeg"}],"author":"REDPISO NEWS","twitter_card":"summary_large_image","twitter_misc":{"Escrito por":"REDPISO NEWS","Tiempo de lectura":"1 minuto"},"schema":{"@context":"https:\/\/schema.org","@graph":[{"@type":"Article","@id":"https:\/\/www.redpiso.es\/news\/se-preve-2018-se-vendan-aun-mas-viviendas\/#article","isPartOf":{"@id":"https:\/\/www.redpiso.es\/news\/se-preve-2018-se-vendan-aun-mas-viviendas\/"},"author":{"name":"REDPISO NEWS","@id":"https:\/\/www.redpiso.es\/news\/#\/schema\/person\/fbfb79a583eef8420922e59e21ef3616"},"headline":"Se prev\u00e9 que en 2018 se vendan a\u00fan m\u00e1s viviendas","datePublished":"2017-09-07T18:50:35+00:00","mainEntityOfPage":{"@id":"https:\/\/www.redpiso.es\/news\/se-preve-2018-se-vendan-aun-mas-viviendas\/"},"wordCount":260,"image":{"@id":"https:\/\/www.redpiso.es\/news\/se-preve-2018-se-vendan-aun-mas-viviendas\/#primaryimage"},"thumbnailUrl":"https:\/\/www.redpiso.es\/news\/wp-content\/uploads\/2017\/08\/Imagen-1-ALT-re\u0301cord-en-venta-de-viviendas.jpg","articleSection":["General"],"inLanguage":"es"},{"@type":"WebPage","@id":"https:\/\/www.redpiso.es\/news\/se-preve-2018-se-vendan-aun-mas-viviendas\/","url":"https:\/\/www.redpiso.es\/news\/se-preve-2018-se-vendan-aun-mas-viviendas\/","name":"Se prev\u00e9 que en 2018 se vendan a\u00fan m\u00e1s viviendas - REDPISO NEWS","isPartOf":{"@id":"https:\/\/www.redpiso.es\/news\/#website"},"primaryImageOfPage":{"@id":"https:\/\/www.redpiso.es\/news\/se-preve-2018-se-vendan-aun-mas-viviendas\/#primaryimage"},"image":{"@id":"https:\/\/www.redpiso.es\/news\/se-preve-2018-se-vendan-aun-mas-viviendas\/#primaryimage"},"thumbnailUrl":"https:\/\/www.redpiso.es\/news\/wp-content\/uploads\/2017\/08\/Imagen-1-ALT-re\u0301cord-en-venta-de-viviendas.jpg","datePublished":"2017-09-07T18:50:35+00:00","author":{"@id":"https:\/\/www.redpiso.es\/news\/#\/schema\/person\/fbfb79a583eef8420922e59e21ef3616"},"description":"El a\u00f1o que viene el n\u00famero de viviendas que se vendan alcance r\u00e9cords y se lleguen a 500.000","breadcrumb":{"@id":"https:\/\/www.redpiso.es\/news\/se-preve-2018-se-vendan-aun-mas-viviendas\/#breadcrumb"},"inLanguage":"es","potentialAction":[{"@type":"ReadAction","target":["https:\/\/www.redpiso.es\/news\/se-preve-2018-se-vendan-aun-mas-viviendas\/"]}]},{"@type":"ImageObject","inLanguage":"es","@id":"https:\/\/www.redpiso.es\/news\/se-preve-2018-se-vendan-aun-mas-viviendas\/#primaryimage","url":"https:\/\/www.redpiso.es\/news\/wp-content\/uploads\/2017\/08\/Imagen-1-ALT-re\u0301cord-en-venta-de-viviendas.jpg","contentUrl":"https:\/\/www.redpiso.es\/news\/wp-content\/uploads\/2017\/08\/Imagen-1-ALT-re\u0301cord-en-venta-de-viviendas.jpg","width":2508,"height":1672,"caption":"re\u0301cord-en-venta-de-viviendas"},{"@type":"BreadcrumbList","@id":"https:\/\/www.redpiso.es\/news\/se-preve-2018-se-vendan-aun-mas-viviendas\/#breadcrumb","itemListElement":[{"@type":"ListItem","position":1,"name":"Portada","item":"https:\/\/www.redpiso.es\/news\/"},{"@type":"ListItem","position":2,"name":"Se prev\u00e9 que en 2018 se vendan a\u00fan m\u00e1s viviendas"}]},{"@type":"WebSite","@id":"https:\/\/www.redpiso.es\/news\/#website","url":"https:\/\/www.redpiso.es\/news\/","name":"REDPISO NEWS","description":"Noticias, consejos y eventos del mercado inmobiliario","potentialAction":[{"@type":"SearchAction","target":{"@type":"EntryPoint","urlTemplate":"https:\/\/www.redpiso.es\/news\/?s={search_term_string}"},"query-input":{"@type":"PropertyValueSpecification","valueRequired":true,"valueName":"search_term_string"}}],"inLanguage":"es"},{"@type":"Person","@id":"https:\/\/www.redpiso.es\/news\/#\/schema\/person\/fbfb79a583eef8420922e59e21ef3616","name":"REDPISO NEWS","image":{"@type":"ImageObject","inLanguage":"es","@id":"https:\/\/secure.gravatar.com\/avatar\/0d0d30bf4088455d18140a89a2b03d64feb180ccf13e3885b8e64fa88e129699?s=96&d=mm&r=g","url":"https:\/\/secure.gravatar.com\/avatar\/0d0d30bf4088455d18140a89a2b03d64feb180ccf13e3885b8e64fa88e129699?s=96&d=mm&r=g","contentUrl":"https:\/\/secure.gravatar.com\/avatar\/0d0d30bf4088455d18140a89a2b03d64feb180ccf13e3885b8e64fa88e129699?s=96&d=mm&r=g","caption":"REDPISO NEWS"},"url":"https:\/\/www.redpiso.es\/news\/author\/admin\/"}]}},"_links":{"self":[{"href":"https:\/\/www.redpiso.es\/news\/wp-json\/wp\/v2\/posts\/1374","targetHints":{"allow":["GET"]}}],"collection":[{"href":"https:\/\/www.redpiso.es\/news\/wp-json\/wp\/v2\/posts"}],"about":[{"href":"https:\/\/www.redpiso.es\/news\/wp-json\/wp\/v2\/types\/post"}],"author":[{"embeddable":true,"href":"https:\/\/www.redpiso.es\/news\/wp-json\/wp\/v2\/users\/1"}],"replies":[{"embeddable":true,"href":"https:\/\/www.redpiso.es\/news\/wp-json\/wp\/v2\/comments?post=1374"}],"version-history":[{"count":1,"href":"https:\/\/www.redpiso.es\/news\/wp-json\/wp\/v2\/posts\/1374\/revisions"}],"predecessor-version":[{"id":1375,"href":"https:\/\/www.redpiso.es\/news\/wp-json\/wp\/v2\/posts\/1374\/revisions\/1375"}],"wp:featuredmedia":[{"embeddable":true,"href":"https:\/\/www.redpiso.es\/news\/wp-json\/wp\/v2\/media\/1354"}],"wp:attachment":[{"href":"https:\/\/www.redpiso.es\/news\/wp-json\/wp\/v2\/media?parent=1374"}],"wp:term":[{"taxonomy":"category","embeddable":true,"href":"https:\/\/www.redpiso.es\/news\/wp-json\/wp\/v2\/categories?post=1374"},{"taxonomy":"post_tag","embeddable":true,"href":"https:\/\/www.redpiso.es\/news\/wp-json\/wp\/v2\/tags?post=1374"}],"curies":[{"name":"wp","href":"https:\/\/api.w.org\/{rel}","templated":true}]}}