{"id":3631,"date":"2026-01-27T07:02:28","date_gmt":"2026-01-27T07:02:28","guid":{"rendered":"https:\/\/www.redpiso.es\/corporativo\/?p=3631"},"modified":"2026-01-27T07:02:28","modified_gmt":"2026-01-27T07:02:28","slug":"reunion-de-area-nacionan-enero-2026","status":"publish","type":"post","link":"https:\/\/www.redpiso.es\/corporativo\/reunion-de-area-nacionan-enero-2026\/","title":{"rendered":"Reuni\u00f3n de \u00e1rea nacionan enero 2026"},"content":{"rendered":"<p data-path-to-node=\"3\">Cerramos con \u00e9xito la <b data-path-to-node=\"3\" data-index-in-node=\"22\">Reuni\u00f3n de \u00c1rea Nacional de Grupo Redpiso<\/b>, un encuentro clave para alinear la estrategia de nuestras oficinas y repasar el camino recorrido en 2025. Fue una jornada intensa donde repasamos los principales <b data-path-to-node=\"3\" data-index-in-node=\"220\">highlights<\/b> de un a\u00f1o de grandes resultados, sentando las bases de lo que est\u00e1 por venir.<\/p>\n<p data-path-to-node=\"4\">Un momento fundamental fueron las intervenciones de nuestros <b data-path-to-node=\"4\" data-index-in-node=\"61\">CEOs<\/b>, quienes compartieron una visi\u00f3n clara y ambiciosa. Sus mensajes reforzaron nuestro compromiso con la excelencia y nos transmitieron la confianza necesaria para seguir liderando el sector inmobiliario con la profesionalidad y cercan\u00eda que nos definen.<\/p>\n<p data-path-to-node=\"5\">Adem\u00e1s, pudimos conocer de primera mano las novedades de los departamentos de <b data-path-to-node=\"5\" data-index-in-node=\"78\">Innovaci\u00f3n, Proyectos y Marketing<\/b>. La apuesta del Grupo por la vanguardia tecnol\u00f3gica, la optimizaci\u00f3n de procesos y las campa\u00f1as disruptivas para este pr\u00f3ximo a\u00f1o es sencillamente impresionante. Estamos listos para implementar estas herramientas y seguir elevando la experiencia de nuestros clientes a un nuevo nivel.<\/p>\n","protected":false},"excerpt":{"rendered":"<p>Cerramos con \u00e9xito la Reuni\u00f3n de \u00c1rea Nacional de Grupo Redpiso, un encuentro clave para alinear la estrategia de nuestras oficinas y repasar el camino recorrido en 2025. Fue una jornada intensa donde repasamos los principales highlights de un a\u00f1o de grandes resultados, sentando las bases de lo que est\u00e1 por venir. Un momento fundamental fueron las intervenciones de nuestros [&hellip;]<\/p>\n","protected":false},"author":2,"featured_media":3632,"comment_status":"open","ping_status":"open","sticky":false,"template":"","format":"standard","meta":{"footnotes":""},"categories":[16],"tags":[],"class_list":["post-3631","post","type-post","status-publish","format-standard","has-post-thumbnail","hentry","category-notas-de-prensa-redpiso"],"yoast_head":"<!-- This site is optimized with the Yoast SEO plugin v27.3 - https:\/\/yoast.com\/product\/yoast-seo-wordpress\/ -->\n<title>Reuni\u00f3n de \u00e1rea nacionan enero 2026 - REDPISO<\/title>\n<meta name=\"description\" content=\"un encuentro clave para alinear la estrategia de nuestras oficinas y repasar el camino recorrido en 2025.\" \/>\n<meta name=\"robots\" content=\"index, follow, max-snippet:-1, max-image-preview:large, max-video-preview:-1\" \/>\n<link rel=\"canonical\" href=\"https:\/\/www.redpiso.es\/corporativo\/reunion-de-area-nacionan-enero-2026\/\" \/>\n<meta property=\"og:locale\" content=\"es_ES\" \/>\n<meta property=\"og:type\" content=\"article\" \/>\n<meta property=\"og:title\" content=\"Reuni\u00f3n de \u00e1rea nacionan enero 2026 - REDPISO\" \/>\n<meta property=\"og:description\" content=\"un encuentro clave para alinear la estrategia de nuestras oficinas y repasar el camino recorrido en 2025.\" \/>\n<meta property=\"og:url\" content=\"https:\/\/www.redpiso.es\/corporativo\/reunion-de-area-nacionan-enero-2026\/\" \/>\n<meta property=\"og:site_name\" content=\"REDPISO\" \/>\n<meta property=\"article:published_time\" content=\"2026-01-27T07:02:28+00:00\" \/>\n<meta property=\"og:image\" content=\"https:\/\/www.redpiso.es\/corporativo\/wp-content\/uploads\/2026\/01\/Captura-de-pantalla-2026-01-27-074625.png\" \/>\n\t<meta property=\"og:image:width\" content=\"841\" \/>\n\t<meta property=\"og:image:height\" content=\"490\" \/>\n\t<meta property=\"og:image:type\" content=\"image\/png\" \/>\n<meta name=\"author\" content=\"REDPISO\" \/>\n<meta name=\"twitter:card\" content=\"summary_large_image\" \/>\n<meta name=\"twitter:label1\" content=\"Escrito por\" \/>\n\t<meta name=\"twitter:data1\" content=\"REDPISO\" \/>\n\t<meta name=\"twitter:label2\" content=\"Tiempo de lectura\" \/>\n\t<meta name=\"twitter:data2\" content=\"1 minuto\" \/>\n<script type=\"application\/ld+json\" class=\"yoast-schema-graph\">{\"@context\":\"https:\\\/\\\/schema.org\",\"@graph\":[{\"@type\":\"Article\",\"@id\":\"https:\\\/\\\/www.redpiso.es\\\/corporativo\\\/reunion-de-area-nacionan-enero-2026\\\/#article\",\"isPartOf\":{\"@id\":\"https:\\\/\\\/www.redpiso.es\\\/corporativo\\\/reunion-de-area-nacionan-enero-2026\\\/\"},\"author\":{\"name\":\"REDPISO\",\"@id\":\"https:\\\/\\\/www.redpiso.es\\\/corporativo\\\/#\\\/schema\\\/person\\\/a41ad06a2d8a1fa56be4541e3bfd7c62\"},\"headline\":\"Reuni\u00f3n de \u00e1rea nacionan enero 2026\",\"datePublished\":\"2026-01-27T07:02:28+00:00\",\"mainEntityOfPage\":{\"@id\":\"https:\\\/\\\/www.redpiso.es\\\/corporativo\\\/reunion-de-area-nacionan-enero-2026\\\/\"},\"wordCount\":169,\"commentCount\":0,\"image\":{\"@id\":\"https:\\\/\\\/www.redpiso.es\\\/corporativo\\\/reunion-de-area-nacionan-enero-2026\\\/#primaryimage\"},\"thumbnailUrl\":\"https:\\\/\\\/www.redpiso.es\\\/corporativo\\\/wp-content\\\/uploads\\\/2026\\\/01\\\/Captura-de-pantalla-2026-01-27-074625.png\",\"articleSection\":[\"Notas de Prensa\"],\"inLanguage\":\"es\",\"potentialAction\":[{\"@type\":\"CommentAction\",\"name\":\"Comment\",\"target\":[\"https:\\\/\\\/www.redpiso.es\\\/corporativo\\\/reunion-de-area-nacionan-enero-2026\\\/#respond\"]}]},{\"@type\":\"WebPage\",\"@id\":\"https:\\\/\\\/www.redpiso.es\\\/corporativo\\\/reunion-de-area-nacionan-enero-2026\\\/\",\"url\":\"https:\\\/\\\/www.redpiso.es\\\/corporativo\\\/reunion-de-area-nacionan-enero-2026\\\/\",\"name\":\"Reuni\u00f3n de \u00e1rea nacionan enero 2026 - REDPISO\",\"isPartOf\":{\"@id\":\"https:\\\/\\\/www.redpiso.es\\\/corporativo\\\/#website\"},\"primaryImageOfPage\":{\"@id\":\"https:\\\/\\\/www.redpiso.es\\\/corporativo\\\/reunion-de-area-nacionan-enero-2026\\\/#primaryimage\"},\"image\":{\"@id\":\"https:\\\/\\\/www.redpiso.es\\\/corporativo\\\/reunion-de-area-nacionan-enero-2026\\\/#primaryimage\"},\"thumbnailUrl\":\"https:\\\/\\\/www.redpiso.es\\\/corporativo\\\/wp-content\\\/uploads\\\/2026\\\/01\\\/Captura-de-pantalla-2026-01-27-074625.png\",\"datePublished\":\"2026-01-27T07:02:28+00:00\",\"author\":{\"@id\":\"https:\\\/\\\/www.redpiso.es\\\/corporativo\\\/#\\\/schema\\\/person\\\/a41ad06a2d8a1fa56be4541e3bfd7c62\"},\"description\":\"un encuentro clave para alinear la estrategia de nuestras oficinas y repasar el camino recorrido en 2025.\",\"breadcrumb\":{\"@id\":\"https:\\\/\\\/www.redpiso.es\\\/corporativo\\\/reunion-de-area-nacionan-enero-2026\\\/#breadcrumb\"},\"inLanguage\":\"es\",\"potentialAction\":[{\"@type\":\"ReadAction\",\"target\":[\"https:\\\/\\\/www.redpiso.es\\\/corporativo\\\/reunion-de-area-nacionan-enero-2026\\\/\"]}]},{\"@type\":\"ImageObject\",\"inLanguage\":\"es\",\"@id\":\"https:\\\/\\\/www.redpiso.es\\\/corporativo\\\/reunion-de-area-nacionan-enero-2026\\\/#primaryimage\",\"url\":\"https:\\\/\\\/www.redpiso.es\\\/corporativo\\\/wp-content\\\/uploads\\\/2026\\\/01\\\/Captura-de-pantalla-2026-01-27-074625.png\",\"contentUrl\":\"https:\\\/\\\/www.redpiso.es\\\/corporativo\\\/wp-content\\\/uploads\\\/2026\\\/01\\\/Captura-de-pantalla-2026-01-27-074625.png\",\"width\":841,\"height\":490},{\"@type\":\"BreadcrumbList\",\"@id\":\"https:\\\/\\\/www.redpiso.es\\\/corporativo\\\/reunion-de-area-nacionan-enero-2026\\\/#breadcrumb\",\"itemListElement\":[{\"@type\":\"ListItem\",\"position\":1,\"name\":\"Portada\",\"item\":\"https:\\\/\\\/www.redpiso.es\\\/corporativo\\\/\"},{\"@type\":\"ListItem\",\"position\":2,\"name\":\"Reuni\u00f3n de \u00e1rea nacionan enero 2026\"}]},{\"@type\":\"WebSite\",\"@id\":\"https:\\\/\\\/www.redpiso.es\\\/corporativo\\\/#website\",\"url\":\"https:\\\/\\\/www.redpiso.es\\\/corporativo\\\/\",\"name\":\"REDPISO\",\"description\":\"Tu hogar nuestro compromiso\",\"potentialAction\":[{\"@type\":\"SearchAction\",\"target\":{\"@type\":\"EntryPoint\",\"urlTemplate\":\"https:\\\/\\\/www.redpiso.es\\\/corporativo\\\/?s={search_term_string}\"},\"query-input\":{\"@type\":\"PropertyValueSpecification\",\"valueRequired\":true,\"valueName\":\"search_term_string\"}}],\"inLanguage\":\"es\"},{\"@type\":\"Person\",\"@id\":\"https:\\\/\\\/www.redpiso.es\\\/corporativo\\\/#\\\/schema\\\/person\\\/a41ad06a2d8a1fa56be4541e3bfd7c62\",\"name\":\"REDPISO\",\"image\":{\"@type\":\"ImageObject\",\"inLanguage\":\"es\",\"@id\":\"https:\\\/\\\/secure.gravatar.com\\\/avatar\\\/3ca41dab015579861b3d62a151d6c3ed13d99e5cf208c0ea88faf5122eb8e097?s=96&d=mm&r=g\",\"url\":\"https:\\\/\\\/secure.gravatar.com\\\/avatar\\\/3ca41dab015579861b3d62a151d6c3ed13d99e5cf208c0ea88faf5122eb8e097?s=96&d=mm&r=g\",\"contentUrl\":\"https:\\\/\\\/secure.gravatar.com\\\/avatar\\\/3ca41dab015579861b3d62a151d6c3ed13d99e5cf208c0ea88faf5122eb8e097?s=96&d=mm&r=g\",\"caption\":\"REDPISO\"},\"url\":\"https:\\\/\\\/www.redpiso.es\\\/corporativo\\\/author\\\/luismi-palacios\\\/\"}]}<\/script>\n<!-- \/ Yoast SEO plugin. -->","yoast_head_json":{"title":"Reuni\u00f3n de \u00e1rea nacionan enero 2026 - REDPISO","description":"un encuentro clave para alinear la estrategia de nuestras oficinas y repasar el camino recorrido en 2025.","robots":{"index":"index","follow":"follow","max-snippet":"max-snippet:-1","max-image-preview":"max-image-preview:large","max-video-preview":"max-video-preview:-1"},"canonical":"https:\/\/www.redpiso.es\/corporativo\/reunion-de-area-nacionan-enero-2026\/","og_locale":"es_ES","og_type":"article","og_title":"Reuni\u00f3n de \u00e1rea nacionan enero 2026 - REDPISO","og_description":"un encuentro clave para alinear la estrategia de nuestras oficinas y repasar el camino recorrido en 2025.","og_url":"https:\/\/www.redpiso.es\/corporativo\/reunion-de-area-nacionan-enero-2026\/","og_site_name":"REDPISO","article_published_time":"2026-01-27T07:02:28+00:00","og_image":[{"width":841,"height":490,"url":"https:\/\/www.redpiso.es\/corporativo\/wp-content\/uploads\/2026\/01\/Captura-de-pantalla-2026-01-27-074625.png","type":"image\/png"}],"author":"REDPISO","twitter_card":"summary_large_image","twitter_misc":{"Escrito por":"REDPISO","Tiempo de lectura":"1 minuto"},"schema":{"@context":"https:\/\/schema.org","@graph":[{"@type":"Article","@id":"https:\/\/www.redpiso.es\/corporativo\/reunion-de-area-nacionan-enero-2026\/#article","isPartOf":{"@id":"https:\/\/www.redpiso.es\/corporativo\/reunion-de-area-nacionan-enero-2026\/"},"author":{"name":"REDPISO","@id":"https:\/\/www.redpiso.es\/corporativo\/#\/schema\/person\/a41ad06a2d8a1fa56be4541e3bfd7c62"},"headline":"Reuni\u00f3n de \u00e1rea nacionan enero 2026","datePublished":"2026-01-27T07:02:28+00:00","mainEntityOfPage":{"@id":"https:\/\/www.redpiso.es\/corporativo\/reunion-de-area-nacionan-enero-2026\/"},"wordCount":169,"commentCount":0,"image":{"@id":"https:\/\/www.redpiso.es\/corporativo\/reunion-de-area-nacionan-enero-2026\/#primaryimage"},"thumbnailUrl":"https:\/\/www.redpiso.es\/corporativo\/wp-content\/uploads\/2026\/01\/Captura-de-pantalla-2026-01-27-074625.png","articleSection":["Notas de Prensa"],"inLanguage":"es","potentialAction":[{"@type":"CommentAction","name":"Comment","target":["https:\/\/www.redpiso.es\/corporativo\/reunion-de-area-nacionan-enero-2026\/#respond"]}]},{"@type":"WebPage","@id":"https:\/\/www.redpiso.es\/corporativo\/reunion-de-area-nacionan-enero-2026\/","url":"https:\/\/www.redpiso.es\/corporativo\/reunion-de-area-nacionan-enero-2026\/","name":"Reuni\u00f3n de \u00e1rea nacionan enero 2026 - REDPISO","isPartOf":{"@id":"https:\/\/www.redpiso.es\/corporativo\/#website"},"primaryImageOfPage":{"@id":"https:\/\/www.redpiso.es\/corporativo\/reunion-de-area-nacionan-enero-2026\/#primaryimage"},"image":{"@id":"https:\/\/www.redpiso.es\/corporativo\/reunion-de-area-nacionan-enero-2026\/#primaryimage"},"thumbnailUrl":"https:\/\/www.redpiso.es\/corporativo\/wp-content\/uploads\/2026\/01\/Captura-de-pantalla-2026-01-27-074625.png","datePublished":"2026-01-27T07:02:28+00:00","author":{"@id":"https:\/\/www.redpiso.es\/corporativo\/#\/schema\/person\/a41ad06a2d8a1fa56be4541e3bfd7c62"},"description":"un encuentro clave para alinear la estrategia de nuestras oficinas y repasar el camino recorrido en 2025.","breadcrumb":{"@id":"https:\/\/www.redpiso.es\/corporativo\/reunion-de-area-nacionan-enero-2026\/#breadcrumb"},"inLanguage":"es","potentialAction":[{"@type":"ReadAction","target":["https:\/\/www.redpiso.es\/corporativo\/reunion-de-area-nacionan-enero-2026\/"]}]},{"@type":"ImageObject","inLanguage":"es","@id":"https:\/\/www.redpiso.es\/corporativo\/reunion-de-area-nacionan-enero-2026\/#primaryimage","url":"https:\/\/www.redpiso.es\/corporativo\/wp-content\/uploads\/2026\/01\/Captura-de-pantalla-2026-01-27-074625.png","contentUrl":"https:\/\/www.redpiso.es\/corporativo\/wp-content\/uploads\/2026\/01\/Captura-de-pantalla-2026-01-27-074625.png","width":841,"height":490},{"@type":"BreadcrumbList","@id":"https:\/\/www.redpiso.es\/corporativo\/reunion-de-area-nacionan-enero-2026\/#breadcrumb","itemListElement":[{"@type":"ListItem","position":1,"name":"Portada","item":"https:\/\/www.redpiso.es\/corporativo\/"},{"@type":"ListItem","position":2,"name":"Reuni\u00f3n de \u00e1rea nacionan enero 2026"}]},{"@type":"WebSite","@id":"https:\/\/www.redpiso.es\/corporativo\/#website","url":"https:\/\/www.redpiso.es\/corporativo\/","name":"REDPISO","description":"Tu hogar nuestro compromiso","potentialAction":[{"@type":"SearchAction","target":{"@type":"EntryPoint","urlTemplate":"https:\/\/www.redpiso.es\/corporativo\/?s={search_term_string}"},"query-input":{"@type":"PropertyValueSpecification","valueRequired":true,"valueName":"search_term_string"}}],"inLanguage":"es"},{"@type":"Person","@id":"https:\/\/www.redpiso.es\/corporativo\/#\/schema\/person\/a41ad06a2d8a1fa56be4541e3bfd7c62","name":"REDPISO","image":{"@type":"ImageObject","inLanguage":"es","@id":"https:\/\/secure.gravatar.com\/avatar\/3ca41dab015579861b3d62a151d6c3ed13d99e5cf208c0ea88faf5122eb8e097?s=96&d=mm&r=g","url":"https:\/\/secure.gravatar.com\/avatar\/3ca41dab015579861b3d62a151d6c3ed13d99e5cf208c0ea88faf5122eb8e097?s=96&d=mm&r=g","contentUrl":"https:\/\/secure.gravatar.com\/avatar\/3ca41dab015579861b3d62a151d6c3ed13d99e5cf208c0ea88faf5122eb8e097?s=96&d=mm&r=g","caption":"REDPISO"},"url":"https:\/\/www.redpiso.es\/corporativo\/author\/luismi-palacios\/"}]}},"_links":{"self":[{"href":"https:\/\/www.redpiso.es\/corporativo\/wp-json\/wp\/v2\/posts\/3631","targetHints":{"allow":["GET"]}}],"collection":[{"href":"https:\/\/www.redpiso.es\/corporativo\/wp-json\/wp\/v2\/posts"}],"about":[{"href":"https:\/\/www.redpiso.es\/corporativo\/wp-json\/wp\/v2\/types\/post"}],"author":[{"embeddable":true,"href":"https:\/\/www.redpiso.es\/corporativo\/wp-json\/wp\/v2\/users\/2"}],"replies":[{"embeddable":true,"href":"https:\/\/www.redpiso.es\/corporativo\/wp-json\/wp\/v2\/comments?post=3631"}],"version-history":[{"count":1,"href":"https:\/\/www.redpiso.es\/corporativo\/wp-json\/wp\/v2\/posts\/3631\/revisions"}],"predecessor-version":[{"id":3633,"href":"https:\/\/www.redpiso.es\/corporativo\/wp-json\/wp\/v2\/posts\/3631\/revisions\/3633"}],"wp:featuredmedia":[{"embeddable":true,"href":"https:\/\/www.redpiso.es\/corporativo\/wp-json\/wp\/v2\/media\/3632"}],"wp:attachment":[{"href":"https:\/\/www.redpiso.es\/corporativo\/wp-json\/wp\/v2\/media?parent=3631"}],"wp:term":[{"taxonomy":"category","embeddable":true,"href":"https:\/\/www.redpiso.es\/corporativo\/wp-json\/wp\/v2\/categories?post=3631"},{"taxonomy":"post_tag","embeddable":true,"href":"https:\/\/www.redpiso.es\/corporativo\/wp-json\/wp\/v2\/tags?post=3631"}],"curies":[{"name":"wp","href":"https:\/\/api.w.org\/{rel}","templated":true}]}}